{"id":10014,"date":"2010-09-28T20:02:43","date_gmt":"2010-09-28T19:02:43","guid":{"rendered":"http:\/\/df-nyt.dk\/?p=10014"},"modified":"2026-01-19T20:37:18","modified_gmt":"2026-01-19T19:37:18","slug":"ekstrabladet-t%c3%a6nk-sig-krigen-afghanistan-er-overladt-til-politikere-af-s%c3%b8ren-pinds-st%c3%b8bning","status":"publish","type":"post","link":"https:\/\/df-nyt.dk\/blog\/ekstrabladet-t%c3%a6nk-sig-krigen-afghanistan-er-overladt-til-politikere-af-s%c3%b8ren-pinds-st%c3%b8bning\/","title":{"rendered":"Ekstrabladet: T\u00c6NK SIG, at krigen i Afghanistan er overladt til politikere af S\u00f8ren Pinds st\u00f8bning!"},"content":{"rendered":"<p>Netavisen Ekstrabladet: T\u00c6NK SIG, at krigen i Afghanistan er overladt til politikere af S\u00f8ren Pinds st\u00f8bning!<\/p>\n<p><img loading=\"lazy\" decoding=\"async\" class=\"size-full alignnone\" src=\"https:\/\/df-nyt.dk\/\/wp-content\/uploads\/110420131250.png\" alt=\"110420131250\" width=\"318\" height=\"83\" \/><\/p>\n<p>Skriver Ekstrabladet p\u00e5 side 2. den 28.09.2010. i en artikel.<\/p>\n<p><img loading=\"lazy\" decoding=\"async\" class=\" alignnone\" src=\"https:\/\/df-nyt.dk\/\/wp-content\/uploads\/110420131252.png\" alt=\"110420131252\" width=\"230\" height=\"303\" \/><\/p>\n<p>Chefredakt\u00f8r Poul Madsen: Hvad har du gang i, S\u00f8ren Pind?<br \/>\nSelv om han selv har indr\u00f8mmet, at Taleban har f\u00e5et beskyttelsespenge, angriber udviklingsministeren nu Ekstra Bladets afsl\u00f8ringer p\u00e5 sin Blog<\/p>\n<p>S\u00f8ren Pind, du skriver \/\/sorenpind.blogs.berlingske.dk\/2010\/09\/28\/ekstra-bladet-sm\u00e6k-fyldt-med-l\u00f8gn\/&#8221; &#8211; p\u00e5 din blog, at Ekstra Bladet \u2019lyver\u2019.<\/p>\n<p>Det g\u00f8r vi naturligvis ikke. Du burde i stedet takke Netavisen Ekstra Bladet for at unders\u00f8ge forhold, du tilsyneladende ikke selv magter.<\/p>\n<p>Hvis du mener, vi lyver, s\u00e5 klag til pressen\u00e6vnet eller anl\u00e6g sag mod os!<br \/>\nMen vi gider ikke h\u00f8re p\u00e5 dit landsbytosseri. Sagen er alt for alvorlig til denne form for debat. Det er danske soldaters liv, der st\u00e5r p\u00e5 spil. Skriver Chefredakt\u00f8r Poul Madsen p\u00e5 Netavisen \/\/ekstrabladet.dk \/nyheder\/politik\/article1420331.ece&#8221;<\/p>\n<p>Reference<br \/>\nNetavisen \/\/ekstrabladet.dk \/nyheder\/<br \/>\nNetavisen \/\/sorenpind.blogs.berlingske.dk \/2010\/09\/28\/ekstra-bladet-sm\u00e6kfyldt-med-l\u00f8gn\/<\/p>\n<p>For yderlig l\u00e6sning.<\/p>\n<p><a href=\"https:\/\/df-nyt.dk\/?p=9741\"><span style=\"text-decoration: underline;\">Bliver hjemvendte soldater mordere? <\/span><\/a><\/p>\n","protected":false},"excerpt":{"rendered":"<p>Netavisen Ekstrabladet: T\u00c6NK SIG, at krigen i Afghanistan er overladt til politikere af S\u00f8ren Pinds st\u00f8bning! Skriver Ekstrabladet p\u00e5 side 2. den 28.09.2010. i en artikel. Chefredakt\u00f8r Poul Madsen: Hvad har du gang i, S\u00f8ren Pind? Selv om han selv har indr\u00f8mmet, at Taleban har f\u00e5et beskyttelsespenge, angriber udviklingsministeren nu Ekstra Bladets afsl\u00f8ringer p\u00e5 sin [&hellip;]<\/p>\n","protected":false},"author":10,"featured_media":0,"comment_status":"open","ping_status":"closed","sticky":false,"template":"","format":"standard","meta":{"footnotes":""},"categories":[1],"tags":[],"class_list":["post-10014","post","type-post","status-publish","format-standard","hentry","category-df-nyt-dk"],"_links":{"self":[{"href":"https:\/\/df-nyt.dk\/blog\/wp-json\/wp\/v2\/posts\/10014","targetHints":{"allow":["GET"]}}],"collection":[{"href":"https:\/\/df-nyt.dk\/blog\/wp-json\/wp\/v2\/posts"}],"about":[{"href":"https:\/\/df-nyt.dk\/blog\/wp-json\/wp\/v2\/types\/post"}],"author":[{"embeddable":true,"href":"https:\/\/df-nyt.dk\/blog\/wp-json\/wp\/v2\/users\/10"}],"replies":[{"embeddable":true,"href":"https:\/\/df-nyt.dk\/blog\/wp-json\/wp\/v2\/comments?post=10014"}],"version-history":[{"count":5,"href":"https:\/\/df-nyt.dk\/blog\/wp-json\/wp\/v2\/posts\/10014\/revisions"}],"predecessor-version":[{"id":111428,"href":"https:\/\/df-nyt.dk\/blog\/wp-json\/wp\/v2\/posts\/10014\/revisions\/111428"}],"wp:attachment":[{"href":"https:\/\/df-nyt.dk\/blog\/wp-json\/wp\/v2\/media?parent=10014"}],"wp:term":[{"taxonomy":"category","embeddable":true,"href":"https:\/\/df-nyt.dk\/blog\/wp-json\/wp\/v2\/categories?post=10014"},{"taxonomy":"post_tag","embeddable":true,"href":"https:\/\/df-nyt.dk\/blog\/wp-json\/wp\/v2\/tags?post=10014"}],"curies":[{"name":"wp","href":"https:\/\/api.w.org\/{rel}","templated":true}]}}