{"id":10027,"date":"2010-09-29T05:38:33","date_gmt":"2010-09-29T04:38:33","guid":{"rendered":"http:\/\/df-nyt.dk\/?p=10027"},"modified":"2024-10-29T14:51:19","modified_gmt":"2024-10-29T13:51:19","slug":"israelsk-ngo-nomineret-til-sakharovprisen","status":"publish","type":"post","link":"https:\/\/df-nyt.dk\/blog\/israelsk-ngo-nomineret-til-sakharovprisen\/","title":{"rendered":"Israelsk NGO, Breaking the Silence nomineret til Sakharovprisen"},"content":{"rendered":"<p><img loading=\"lazy\" decoding=\"async\" src=\"https:\/\/df-nyt.dk\/wp-content\/uploads\/2018\/02\/200220180723.png\" alt=\"\" width=\"309\" height=\"81\" class=\"alignnone size-full \" \/><\/p>\n<p>Hvert \u00e5r uddeler Europa-Parlamentet Sakharov prisen for tankefrihed.<br \/>\nI l\u00f8bet af de n\u00e6ste m\u00e5neder skal prisvinderen findes, men i sidste uge blev de nominerede valgt. Skriver SF i sin pressemeddelelse <\/p>\n<p>\u2013og fors\u00e6tter<br \/>\nDet lykkedes Margrete at overbevise den Gr\u00f8nne Gruppe om, at gruppens kandidat skal v\u00e6re den israelske NGO Breaking the Silence.<\/p>\n<p><img loading=\"lazy\" decoding=\"async\" class=\"alignleft size-full \" src=\"https:\/\/df-nyt.dk\/\/wp-content\/uploads\/211020131500.png\" alt=\"211020131500\" width=\"208\" height=\"124\" \/><\/p>\n<p>Den best\u00e5r af tidligere israelske soldater, der offentligt fort\u00e6ller om de uhyrlige overgreb og brud p\u00e5 menneskerettighederne, som de har v\u00e6ret med til i det besatte Pal\u00e6stina.<\/p>\n<p>Den israelske regering og milit\u00e6ret fors\u00f8ger med alskens chikane at genoprette tavsheden.<\/p>\n<p>De \u00f8nsker ikke, at disse historier bliver kendt i Israel<br \/>\n-og i resten af verden.<\/p>\n<p>De f\u00e5r n\u00e6ppe prisen, men alene nomineringen er en stor sejr &#8211; og den vil med garanti skabe debat i Israel, som jo dog er et demokrati med fri presse.<\/p>\n<p>Vi bidrager p\u00e5 den m\u00e5de til at bryde tavsheden! <\/p>\n<p>For yderlig l\u00e6sning<\/p>\n<p><a href=\"http:\/\/europarl.europa.eu\/news\/da\/search?planet=news&amp;q=Sakharov-prisen\" target=\"_blank\" rel=\"noopener noreferrer\"><span style=\"text-decoration: underline;\">L\u00e6s mere om Sakharovprisen her<\/span><\/a><br \/>\n&nbsp;<br \/>\n<a href=\"http:\/\/sf.dk\/seneste-nyt \/\" rel=\"noreferrer nofollow\"><span style=\"text-decoration: underline\">\/sf.dk \/seneste-nyt<\/span><\/a><br \/>\n&nbsp;<br \/>\n<a href=\"https:\/\/greens-efa.eu\/en\/\" rel=\"noreferrer nofollow\"><span style=\"text-decoration: underline\">Se den Gr\u00f8nne gruppe i parlamentet her<\/span><\/a><\/p>\n","protected":false},"excerpt":{"rendered":"<p>Hvert \u00e5r uddeler Europa-Parlamentet Sakharov prisen for tankefrihed. I l\u00f8bet af de n\u00e6ste m\u00e5neder skal prisvinderen findes, men i sidste uge blev de nominerede valgt. Skriver SF i sin pressemeddelelse \u2013og fors\u00e6tter Det lykkedes Margrete at overbevise den Gr\u00f8nne Gruppe om, at gruppens kandidat skal v\u00e6re den israelske NGO Breaking the Silence. Den best\u00e5r af [&hellip;]<\/p>\n","protected":false},"author":10,"featured_media":0,"comment_status":"open","ping_status":"closed","sticky":false,"template":"","format":"standard","meta":{"footnotes":""},"categories":[1],"tags":[],"class_list":["post-10027","post","type-post","status-publish","format-standard","hentry","category-df-nyt-dk"],"_links":{"self":[{"href":"https:\/\/df-nyt.dk\/blog\/wp-json\/wp\/v2\/posts\/10027","targetHints":{"allow":["GET"]}}],"collection":[{"href":"https:\/\/df-nyt.dk\/blog\/wp-json\/wp\/v2\/posts"}],"about":[{"href":"https:\/\/df-nyt.dk\/blog\/wp-json\/wp\/v2\/types\/post"}],"author":[{"embeddable":true,"href":"https:\/\/df-nyt.dk\/blog\/wp-json\/wp\/v2\/users\/10"}],"replies":[{"embeddable":true,"href":"https:\/\/df-nyt.dk\/blog\/wp-json\/wp\/v2\/comments?post=10027"}],"version-history":[{"count":2,"href":"https:\/\/df-nyt.dk\/blog\/wp-json\/wp\/v2\/posts\/10027\/revisions"}],"predecessor-version":[{"id":106238,"href":"https:\/\/df-nyt.dk\/blog\/wp-json\/wp\/v2\/posts\/10027\/revisions\/106238"}],"wp:attachment":[{"href":"https:\/\/df-nyt.dk\/blog\/wp-json\/wp\/v2\/media?parent=10027"}],"wp:term":[{"taxonomy":"category","embeddable":true,"href":"https:\/\/df-nyt.dk\/blog\/wp-json\/wp\/v2\/categories?post=10027"},{"taxonomy":"post_tag","embeddable":true,"href":"https:\/\/df-nyt.dk\/blog\/wp-json\/wp\/v2\/tags?post=10027"}],"curies":[{"name":"wp","href":"https:\/\/api.w.org\/{rel}","templated":true}]}}