{"id":10041,"date":"2010-09-29T13:01:23","date_gmt":"2010-09-29T12:01:23","guid":{"rendered":"http:\/\/df-nyt.dk\/?p=10041"},"modified":"2016-12-16T19:27:46","modified_gmt":"2016-12-16T18:27:46","slug":"sf-kalder-minister-samrad-efter-afsloringer-om-absurde-madpriser","status":"publish","type":"post","link":"https:\/\/df-nyt.dk\/blog\/sf-kalder-minister-samrad-efter-afsloringer-om-absurde-madpriser\/","title":{"rendered":"SF kalder minister i samr\u00e5d efter afsl\u00f8ringer om absurde madpriser"},"content":{"rendered":"<p><strong>SF kalder minister i samr\u00e5d efter afsl\u00f8ringer om absurde madpriser<\/strong><\/p>\n<p>Absurde historier om overbetaling for mad til daginstitutioner i DR\u2019s program Kontant f\u00e5r nu SF\u2019s medlem af Folketingets Kommunaludvalg Astrid Krag til at kalde ministeren i samr\u00e5d om sagen.<\/p>\n<p>Skriver SF i en pressemeddelse, og forts\u00e6tter med f\u00f8lgende.<\/p>\n<p><strong>\u201dDet fremg\u00e5r af programmet, at priserne holdes hemmelige for at beskytte de private leverand\u00f8rer.<\/strong><\/p>\n<p>Men det kan vel ikke passe, at b\u00f8rn og for\u00e6ldre skal betale prisen for at private leverand\u00f8rer kan tage overpriser for madvarer\u201d, siger SF\u2019s Astrid Krag, der nu vil have Bertel Haarder til at svare p\u00e5, om det kan v\u00e6re rigtigt at kommunerne skal tage den slags hensyn til private virksomheder.<\/p>\n<p>\u201dDet er vigtigt at vi s\u00f8rger for gennemsigtighed i hele den offentlige sektor og det er klart at det er smart at indg\u00e5 indk\u00f8bsaftaler, der sikrer stordrifts-fordele.<\/p>\n<p>Men her virker det som det modsatte er p\u00e5 spil.<\/p>\n<p>Noget m\u00e5 v\u00e6re galt med regels\u00e6ttet fra konkurrencemyndighederne \u2013 og det vil jeg bede ministeren redeg\u00f8re for\u201d, slutter Astrid Krag.<\/p>\n<p>Skriver SF i en pressemeddelse.<\/p>\n<p><strong>Du kan l\u00e6se mere <span style=\"text-decoration: underline;\"><a href=\"http:\/\/www.sf.dk\/\" target=\"_blank\">HER <\/a><\/span>&lt;&lt;<\/strong><\/p>\n<p><strong>For yderlig l\u00e6sning.<\/strong><\/p>\n<p><strong>SF: Birthe R\u00f8nn svigter erhvervslivet og v\u00e6kstbetingelse \u00a0<\/strong><strong>&gt;\u00a0&gt; <span style=\"text-decoration: underline;\"><a href=\"http:\/\/df-nyt.dk\/?p=9479\" target=\"_blank\">Se det HER<\/a> <\/span>&lt;&lt;&lt;<\/strong><\/p>\n<p><strong>******************************************************************<\/strong><\/p>\n","protected":false},"excerpt":{"rendered":"<p>SF kalder minister i samr\u00e5d efter afsl\u00f8ringer om absurde madpriser Absurde historier om overbetaling for mad til daginstitutioner i DR\u2019s program Kontant f\u00e5r nu SF\u2019s medlem af Folketingets Kommunaludvalg Astrid Krag til at kalde ministeren i samr\u00e5d om sagen. Skriver SF i en pressemeddelse, og forts\u00e6tter med f\u00f8lgende. \u201dDet fremg\u00e5r af programmet, at priserne holdes [&hellip;]<\/p>\n","protected":false},"author":10,"featured_media":0,"comment_status":"open","ping_status":"closed","sticky":false,"template":"","format":"standard","meta":{"footnotes":""},"categories":[1],"tags":[],"class_list":["post-10041","post","type-post","status-publish","format-standard","hentry","category-df-nyt-dk"],"_links":{"self":[{"href":"https:\/\/df-nyt.dk\/blog\/wp-json\/wp\/v2\/posts\/10041","targetHints":{"allow":["GET"]}}],"collection":[{"href":"https:\/\/df-nyt.dk\/blog\/wp-json\/wp\/v2\/posts"}],"about":[{"href":"https:\/\/df-nyt.dk\/blog\/wp-json\/wp\/v2\/types\/post"}],"author":[{"embeddable":true,"href":"https:\/\/df-nyt.dk\/blog\/wp-json\/wp\/v2\/users\/10"}],"replies":[{"embeddable":true,"href":"https:\/\/df-nyt.dk\/blog\/wp-json\/wp\/v2\/comments?post=10041"}],"version-history":[{"count":0,"href":"https:\/\/df-nyt.dk\/blog\/wp-json\/wp\/v2\/posts\/10041\/revisions"}],"wp:attachment":[{"href":"https:\/\/df-nyt.dk\/blog\/wp-json\/wp\/v2\/media?parent=10041"}],"wp:term":[{"taxonomy":"category","embeddable":true,"href":"https:\/\/df-nyt.dk\/blog\/wp-json\/wp\/v2\/categories?post=10041"},{"taxonomy":"post_tag","embeddable":true,"href":"https:\/\/df-nyt.dk\/blog\/wp-json\/wp\/v2\/tags?post=10041"}],"curies":[{"name":"wp","href":"https:\/\/api.w.org\/{rel}","templated":true}]}}