{"id":10051,"date":"2010-09-29T22:03:51","date_gmt":"2010-09-29T21:03:51","guid":{"rendered":"http:\/\/df-nyt.dk\/?p=10051"},"modified":"2024-10-24T21:02:38","modified_gmt":"2024-10-24T19:02:38","slug":"mennesker-slaet-ihjel-af-skizofrene-kriminelle-som-var-domt-til-behandling-men-aldrig-indlagt","status":"publish","type":"post","link":"https:\/\/df-nyt.dk\/blog\/mennesker-slaet-ihjel-af-skizofrene-kriminelle-som-var-domt-til-behandling-men-aldrig-indlagt\/","title":{"rendered":"To mennesker sl\u00e5et ihjel af skizofrene kriminelle, som var d\u00f8mt til behandling, men aldrig indlagt"},"content":{"rendered":"<p><img loading=\"lazy\" decoding=\"async\" class=\"alignleft  \" src=\"https:\/\/df-nyt.dk\/\/wp-content\/uploads\/2909201023011.png\" alt=\"290920102301\" width=\"232\" height=\"123\" \/>To mennesker sl\u00e5et ihjel af skizofrene kriminelle, som var d\u00f8mt til behandling, men aldrig indlagt<\/p>\n<p>Det afsl\u00f8rer en h\u00f8jst opsigtv\u00e6kkende rapport fra Kriminalforsorgen, der f\u00e6lder en lammende dom over retspsykiatrien.<\/p>\n<p>Rapporten afsl\u00f8rer desuden, at der ofte g\u00e5r flere m\u00e5neder fra den psykisk syge f\u00e5r sin dom, til der overhovedet iv\u00e6rks\u00e6ttes et behandlingsforl\u00f8b &#8211; i gennemsnit 55 dage.<\/p>\n<p>Og mens d\u00f8mte i Region Hovedstaden i snit venter 89 dage p\u00e5 at komme i tilsyn, s\u00e5 skrabes bunden i Region Sj\u00e6lland, hvor de d\u00f8mte f\u00e5r lov at trisse omkring p\u00e5 egen h\u00e5nd i 107 dage.<\/p>\n<p>&#8211; Det retspsykiatriske omr\u00e5de har f\u00e5et meget st\u00f8rre bevillinger i den periode, der er unders\u00f8gt.<\/p>\n<p>S\u00e5 det er regionernes ansvar at komme med forslag til, hvordan der rettes op, siger Venstres psykiatriordf\u00f8rer, Sophie L\u00f8hde.<\/p>\n<p>Det er kr\u00e6nkende for retsbevidstheden, at kun 42 procent af dem, der id\u00f8mmes egentlige behandlingsdomme for s\u00e6rligt grove forbrydelser, ikke bliver indlagt i forbindelse med sagen, s\u00e5dan som den slags domme foruds\u00e6tter, lyder det fra SF psykiatriordf\u00f8rer, \u00d6zlem Sara Cekic.<\/p>\n<p>Hun siger, at &#8220;aben ligger hos Bertel Haarder&#8221;, som hun vil indkalde til et samr\u00e5d i Folketingets sundhedsudvalg om sagen.<\/p>\n<p>&#8211; I Danmark straffer vi jo ikke psykisk syge mennesker, som beg\u00e5r kriminalitet. Vi behandler dem. Og det er rystende, at disse mennesker ikke f\u00e5r den behandling, de har behov for, siger SF&#8217;eren.<\/p>\n<p>Enhedslistens psykiatriordf\u00f8rer, Per Clausen, kalder sviget i behandlingen for &#8220;utrolig kynisme og mangel p\u00e5 ansvarlighed&#8221;.<\/p>\n<p>Han vil have b\u00e5de Bertel Haarder og justitsminister Lars Barfoed (K) i samr\u00e5d. Kilde: MetroXpres.dk<\/p>\n<p>Reference<br \/>\n\/\/MetroXpres.dk<br \/>\n\/\/jyllands-posten.dk\/indland\/article4382509\/Ministre-i-samr\u00e5d-om-behandlingsdomme<\/p>\n<p><img loading=\"lazy\" decoding=\"async\" class=\"alignnone size-medium \" src=\"https:\/\/df-nyt.dk\/wp-content\/uploads\/2010\/09\/030620162056.png\" alt=\"\" width=\"400\" height=\"247\" \/><\/p>\n<p>For yderlig l\u00e6sning.<\/p>\n<p><a href=\"https:\/\/df-nyt.dk\/?p=9741\/\" rel=\"noreferrer nofollow\"><span style=\"text-decoration: underline;\">Bliver hjemvendte soldatere mordere?<\/span><\/a><\/p>\n","protected":false},"excerpt":{"rendered":"<p>To mennesker sl\u00e5et ihjel af skizofrene kriminelle, som var d\u00f8mt til behandling, men aldrig indlagt Det afsl\u00f8rer en h\u00f8jst opsigtv\u00e6kkende rapport fra Kriminalforsorgen, der f\u00e6lder en lammende dom over retspsykiatrien. Rapporten afsl\u00f8rer desuden, at der ofte g\u00e5r flere m\u00e5neder fra den psykisk syge f\u00e5r sin dom, til der overhovedet iv\u00e6rks\u00e6ttes et behandlingsforl\u00f8b &#8211; i gennemsnit [&hellip;]<\/p>\n","protected":false},"author":10,"featured_media":0,"comment_status":"open","ping_status":"closed","sticky":false,"template":"","format":"standard","meta":{"footnotes":""},"categories":[1],"tags":[],"class_list":["post-10051","post","type-post","status-publish","format-standard","hentry","category-df-nyt-dk"],"_links":{"self":[{"href":"https:\/\/df-nyt.dk\/blog\/wp-json\/wp\/v2\/posts\/10051","targetHints":{"allow":["GET"]}}],"collection":[{"href":"https:\/\/df-nyt.dk\/blog\/wp-json\/wp\/v2\/posts"}],"about":[{"href":"https:\/\/df-nyt.dk\/blog\/wp-json\/wp\/v2\/types\/post"}],"author":[{"embeddable":true,"href":"https:\/\/df-nyt.dk\/blog\/wp-json\/wp\/v2\/users\/10"}],"replies":[{"embeddable":true,"href":"https:\/\/df-nyt.dk\/blog\/wp-json\/wp\/v2\/comments?post=10051"}],"version-history":[{"count":1,"href":"https:\/\/df-nyt.dk\/blog\/wp-json\/wp\/v2\/posts\/10051\/revisions"}],"predecessor-version":[{"id":106039,"href":"https:\/\/df-nyt.dk\/blog\/wp-json\/wp\/v2\/posts\/10051\/revisions\/106039"}],"wp:attachment":[{"href":"https:\/\/df-nyt.dk\/blog\/wp-json\/wp\/v2\/media?parent=10051"}],"wp:term":[{"taxonomy":"category","embeddable":true,"href":"https:\/\/df-nyt.dk\/blog\/wp-json\/wp\/v2\/categories?post=10051"},{"taxonomy":"post_tag","embeddable":true,"href":"https:\/\/df-nyt.dk\/blog\/wp-json\/wp\/v2\/tags?post=10051"}],"curies":[{"name":"wp","href":"https:\/\/api.w.org\/{rel}","templated":true}]}}