{"id":10076,"date":"2010-09-30T20:09:32","date_gmt":"2010-09-30T19:09:32","guid":{"rendered":"http:\/\/df-nyt.dk\/?p=10076"},"modified":"2018-03-04T12:36:48","modified_gmt":"2018-03-04T11:36:48","slug":"nato-soldater-blev-dr%c3%a6bt-det-sydlige-afghanistan-torsdag","status":"publish","type":"post","link":"https:\/\/df-nyt.dk\/blog\/nato-soldater-blev-dr%c3%a6bt-det-sydlige-afghanistan-torsdag\/","title":{"rendered":"To NATO-soldater blev dr\u00e6bt i det sydlige Afghanistan torsdag, &#8230;"},"content":{"rendered":"<p>if\u00f8lge en NATO-talsmand, der sagde, at den ene d\u00f8de, da en vejsidebombe eksploderede.<\/p>\n<p>I Kandahar torsdag, angreb en selvmordsbomber en NATO konvoj og dr\u00e6bte tre civile afghanere og s\u00e5rede ni andre p\u00e5 hovedvejen n\u00e6r den store koalitions base ved Kandahar Airfield, if\u00f8lge Zalmai Ayoubi, en talsmand for guvern\u00f8ren Torylai.<\/p>\n<p>De s\u00e5rede blev bragt til NATO-basen for behandling.<\/p>\n<p>En koalitions talsmand sagde, at der var endnu ingen oplysninger om, hvorvidt der var NATO tilskadekomne. Kilde: <a href=\"http:\/\/www.nytimes.com\/2010\/10\/01\/world\/asia\/01opium.html?hpw\">The New York Times<\/a><\/p>\n<p>Kabul, Afghanistan (<a href=\"http:\/\/edition.cnn.com\/2010\/WORLD\/asiapcf\/09\/30\/afghanistan.civilian.killed\/index.html\">CNN<\/a>) &#8211; Ved\u00a0et NATO\u00a0angreb\u00a0er fire civile d\u00f8de &#8211; heraf to b\u00f8rn &#8211; i det \u00f8stlige Afghanistan, en distrikt guvern\u00f8r fortalte det til \u00a0<a href=\"http:\/\/edition.cnn.com\/2010\/WORLD\/asiapcf\/09\/30\/afghanistan.civilian.killed\/index.html\">CNN<\/a>\u00a0 torsdag.<br \/>\nDen International Security Assistance Force sagde, at &#8220;der er trov\u00e6rdig dokumentation&#8221; for, at civile blev dr\u00e6bt i luftangrebet i Ghazni-provinsen som fandt sted onsdag, if\u00f8lge <a href=\"http:\/\/edition.cnn.com\/2010\/WORLD\/asiapcf\/09\/30\/afghanistan.civilian.killed\/index.html\">CNN<\/a><\/p>\n<p>L\u00e6s ogs\u00e5, Ekstrabladet: T\u00c6NK SIG, at krigen i Afghanistan er overladt til politikere af S\u00f8ren Pinds st\u00f8bning!\u00a0\u00a0 \u00a0&gt;&gt;&gt; <a href=\"http:\/\/df-nyt.dk\/?p=10014\">L\u00e6s det HER <\/a>&lt;&lt;&lt;<\/p>\n<p>**************************************<\/p>\n","protected":false},"excerpt":{"rendered":"<p>if\u00f8lge en NATO-talsmand, der sagde, at den ene d\u00f8de, da en vejsidebombe eksploderede. I Kandahar torsdag, angreb en selvmordsbomber en NATO konvoj og dr\u00e6bte tre civile afghanere og s\u00e5rede ni andre p\u00e5 hovedvejen n\u00e6r den store koalitions base ved Kandahar Airfield, if\u00f8lge Zalmai Ayoubi, en talsmand for guvern\u00f8ren Torylai. De s\u00e5rede blev bragt til NATO-basen [&hellip;]<\/p>\n","protected":false},"author":10,"featured_media":0,"comment_status":"open","ping_status":"closed","sticky":false,"template":"","format":"standard","meta":{"footnotes":""},"categories":[1],"tags":[],"class_list":["post-10076","post","type-post","status-publish","format-standard","hentry","category-df-nyt-dk"],"_links":{"self":[{"href":"https:\/\/df-nyt.dk\/blog\/wp-json\/wp\/v2\/posts\/10076","targetHints":{"allow":["GET"]}}],"collection":[{"href":"https:\/\/df-nyt.dk\/blog\/wp-json\/wp\/v2\/posts"}],"about":[{"href":"https:\/\/df-nyt.dk\/blog\/wp-json\/wp\/v2\/types\/post"}],"author":[{"embeddable":true,"href":"https:\/\/df-nyt.dk\/blog\/wp-json\/wp\/v2\/users\/10"}],"replies":[{"embeddable":true,"href":"https:\/\/df-nyt.dk\/blog\/wp-json\/wp\/v2\/comments?post=10076"}],"version-history":[{"count":0,"href":"https:\/\/df-nyt.dk\/blog\/wp-json\/wp\/v2\/posts\/10076\/revisions"}],"wp:attachment":[{"href":"https:\/\/df-nyt.dk\/blog\/wp-json\/wp\/v2\/media?parent=10076"}],"wp:term":[{"taxonomy":"category","embeddable":true,"href":"https:\/\/df-nyt.dk\/blog\/wp-json\/wp\/v2\/categories?post=10076"},{"taxonomy":"post_tag","embeddable":true,"href":"https:\/\/df-nyt.dk\/blog\/wp-json\/wp\/v2\/tags?post=10076"}],"curies":[{"name":"wp","href":"https:\/\/api.w.org\/{rel}","templated":true}]}}