{"id":10108,"date":"2010-10-01T18:54:14","date_gmt":"2010-10-01T17:54:14","guid":{"rendered":"http:\/\/df-nyt.dk\/?p=10108"},"modified":"2026-01-22T23:10:53","modified_gmt":"2026-01-22T22:10:53","slug":"antiracistisk-netvaerk-odense-arno","status":"publish","type":"post","link":"https:\/\/df-nyt.dk\/blog\/antiracistisk-netvaerk-odense-arno\/","title":{"rendered":"Antiracistisk Netv\u00e6rk i Odense (ARNO)"},"content":{"rendered":"<p><img loading=\"lazy\" decoding=\"async\" class=\"alignleft size-full \" src=\"https:\/\/df-nyt.dk\/blog\/wp-content\/uploads\/0110201019521.png\" alt=\"011020101952\" width=\"277\" height=\"234\" \/><\/p>\n<p>Antiracistisk netv\u00e6rk er en tv\u00e6rpolitisk organisation best\u00e5ende af politiske og faglige ungdomsorganisationer, grupper og enkeltpersoner.<\/p>\n<p>Vi arbejder for at fremme den antiracistiske dagsorden gennem forskellige arrangementer og aktiviteter, der fremmer mangfoldighed, gensidig respekt og medmenneskelig forst\u00e5else.<\/p>\n<p>Skriver ARNO p\u00e5 <span style=\"text-decoration: underline;\"><a href=\"http:\/\/www.facebook.com\/group.php?gid=152666478106235\">FaceBook<\/a><\/span><\/p>\n<p>Og de forts\u00e6tter.<br \/>\nAntiracistisk netv\u00e6rk m\u00f8des ca. en gang hver 14. dag i Ungdomshuset, N\u00f8rregade 60 i Odense.<\/p>\n<h3>ARNO har eksisteret siden slutningen af 90\u00b4erne og har gennem tiden st\u00e5et for forskellige antiracistiske arrangementer og aktiviteter i Odense.<\/h3>\n<h3>De seneste par \u00e5r, har ARNO dog ligget lidt i dvale, selvom kampen mod racisme bestemt ikke er blevet mindre aktuel eller vigtig.<\/h3>\n<p>Derfor indkalder vi nu et bredt netv\u00e6rk af po&#8230;litiske og faglige ungdomsorganisationer, grupper og enkeltpersoner med interesse for det antiracistiske arbejde, med henblik p\u00e5 igen at s\u00e6tte det antiracistiske arbejde p\u00e5 dagsordenen.<\/p>\n<p>Alle antiracister er velkomne &#8211; du er ogs\u00e5 meget velkommen til at sende invitationen videre i dit eget netv\u00e6rk! Skriver ARNO p\u00e5 <span style=\"text-decoration: underline;\"><a href=\"http:\/\/www.facebook.com\/group.php?gid=152666478106235\">FaceBook<\/a><\/span>.<\/p>\n<p>Du Finder gruppen p\u00e5 FaceBook<br \/>\n\/\/www.facebook.com\/group.php?gid=152666478106235&#8243;<\/p>\n","protected":false},"excerpt":{"rendered":"<p>Antiracistisk netv\u00e6rk er en tv\u00e6rpolitisk organisation best\u00e5ende af politiske og faglige ungdomsorganisationer, grupper og enkeltpersoner. Vi arbejder for at fremme den antiracistiske dagsorden gennem forskellige arrangementer og aktiviteter, der fremmer mangfoldighed, gensidig respekt og medmenneskelig forst\u00e5else. Skriver ARNO p\u00e5 FaceBook Og de forts\u00e6tter. Antiracistisk netv\u00e6rk m\u00f8des ca. en gang hver 14. dag i Ungdomshuset, N\u00f8rregade [&hellip;]<\/p>\n","protected":false},"author":10,"featured_media":0,"comment_status":"open","ping_status":"closed","sticky":false,"template":"","format":"standard","meta":{"footnotes":""},"categories":[1],"tags":[],"class_list":["post-10108","post","type-post","status-publish","format-standard","hentry","category-df-nyt-dk"],"_links":{"self":[{"href":"https:\/\/df-nyt.dk\/blog\/wp-json\/wp\/v2\/posts\/10108","targetHints":{"allow":["GET"]}}],"collection":[{"href":"https:\/\/df-nyt.dk\/blog\/wp-json\/wp\/v2\/posts"}],"about":[{"href":"https:\/\/df-nyt.dk\/blog\/wp-json\/wp\/v2\/types\/post"}],"author":[{"embeddable":true,"href":"https:\/\/df-nyt.dk\/blog\/wp-json\/wp\/v2\/users\/10"}],"replies":[{"embeddable":true,"href":"https:\/\/df-nyt.dk\/blog\/wp-json\/wp\/v2\/comments?post=10108"}],"version-history":[{"count":3,"href":"https:\/\/df-nyt.dk\/blog\/wp-json\/wp\/v2\/posts\/10108\/revisions"}],"predecessor-version":[{"id":111532,"href":"https:\/\/df-nyt.dk\/blog\/wp-json\/wp\/v2\/posts\/10108\/revisions\/111532"}],"wp:attachment":[{"href":"https:\/\/df-nyt.dk\/blog\/wp-json\/wp\/v2\/media?parent=10108"}],"wp:term":[{"taxonomy":"category","embeddable":true,"href":"https:\/\/df-nyt.dk\/blog\/wp-json\/wp\/v2\/categories?post=10108"},{"taxonomy":"post_tag","embeddable":true,"href":"https:\/\/df-nyt.dk\/blog\/wp-json\/wp\/v2\/tags?post=10108"}],"curies":[{"name":"wp","href":"https:\/\/api.w.org\/{rel}","templated":true}]}}