{"id":10183,"date":"2010-10-03T10:28:02","date_gmt":"2010-10-03T09:28:02","guid":{"rendered":"http:\/\/df-nyt.dk\/?p=10183"},"modified":"2026-01-20T02:21:45","modified_gmt":"2026-01-20T01:21:45","slug":"titusinder-af-medlemmerne-af-fagforeningen-milj%c3%b8fork%c3%a6mpere-og-fredsaktivister-m%c3%b8dtes-ved-lincoln-memorial-l%c3%b8rdag","status":"publish","type":"post","link":"https:\/\/df-nyt.dk\/blog\/titusinder-af-medlemmerne-af-fagforeningen-milj%c3%b8fork%c3%a6mpere-og-fredsaktivister-m%c3%b8dtes-ved-lincoln-memorial-l%c3%b8rdag\/","title":{"rendered":"Titusinvis af medlemmer fra fagforeninger, milj\u00f8fork\u00e6mpere og fredsaktivister m\u00f8dtes ved Lincoln Memorial l\u00f8rdag"},"content":{"rendered":"<p>Titusinvis af medlemmer fra fagforeninger, milj\u00f8fork\u00e6mpere og fredsaktivister m\u00f8dtes ved Lincoln Memorial l\u00f8rdag<\/p>\n<p>Der s\u00f8gte de\u00a0at ubringe\u00a0budskabet om job og retf\u00e6rdighed, som pastor Dr.udbasuneret p\u00e5 samme sted for 47 \u00e5r siden.<\/p>\n<p>De r\u00e5bte &#8220;Ja, vi kan!&#8221;<br \/>\nOg medbragte\u00a0skilte som sagde: &#8220;Vi\u00a0samles for H\u00e5b ikke had.&#8221;<\/p>\n<p><img loading=\"lazy\" decoding=\"async\" class=\"size-full alignnone\" title=\"031020101136\" src=\"https:\/\/df-nyt.dk\/blog\/wp-content\/uploads\/031020101136.png\" alt=\"\" width=\"492\" height=\"279\" \/><\/p>\n<p>&#8220;Vi tror p\u00e5, at ved at arbejde sammen kan vi bygge\u00a0velstand nok\u00a0til at l\u00f8fte alle,&#8221; sagde Bob King pr\u00e6sident for Amerikas Forenede Auto Workers<br \/>\narticles about United Automobile Workers&#8221;<br \/>\n\/\/topics.nytimes.com\/top\/reference\/timestopics\/organizations\/u\/united_automobile_workers\/index.html?inline=nyt-org&#8221;<\/p>\n<p>&#8220;Vi kan ikke g\u00f8re det ved\u00a0splittelse.\u00a0Vi tror, at vi er n\u00f8dt til at genopbygge den sociale\u00a0tanke i Amerika.&#8221;<\/p>\n<p>Jerry Richards, en arbejdstager p\u00e5 en<br \/>\narticles about Chrysler LLC.<br \/>\n\/\/topics.nytimes.com\/top\/news\/business\/companies\/chrysler_llc\/index.html? inline=nyt-org&#8221; Chrysler fabrik, stod med et skilt med hvorp\u00e5 der stod &#8220;gode jobs nu,&#8221; Skriver\u00a0 \/\/www.nytimes.com\/2010\/10\/03\/us\/03rally.html? New York Tiemes<br \/>\nSe video <span style=\"text-decoration: underline;\">DER<\/span><\/p>\n<p><iframe loading=\"lazy\" src=\"https:\/\/www.youtube.com\/embed\/GcsscnJDsYo?\" width=\"400\" height=\"225\" frameborder=\"0\" allowfullscreen=\"allowfullscreen\"><\/iframe><\/p>\n<p>****************************************<\/p>\n","protected":false},"excerpt":{"rendered":"<p>Titusinvis af medlemmer fra fagforeninger, milj\u00f8fork\u00e6mpere og fredsaktivister m\u00f8dtes ved Lincoln Memorial l\u00f8rdag Der s\u00f8gte de\u00a0at ubringe\u00a0budskabet om job og retf\u00e6rdighed, som pastor Dr.udbasuneret p\u00e5 samme sted for 47 \u00e5r siden. De r\u00e5bte &#8220;Ja, vi kan!&#8221; Og medbragte\u00a0skilte som sagde: &#8220;Vi\u00a0samles for H\u00e5b ikke had.&#8221; &#8220;Vi tror p\u00e5, at ved at arbejde sammen kan vi [&hellip;]<\/p>\n","protected":false},"author":10,"featured_media":0,"comment_status":"open","ping_status":"closed","sticky":false,"template":"","format":"standard","meta":{"footnotes":""},"categories":[1],"tags":[],"class_list":["post-10183","post","type-post","status-publish","format-standard","hentry","category-df-nyt-dk"],"_links":{"self":[{"href":"https:\/\/df-nyt.dk\/blog\/wp-json\/wp\/v2\/posts\/10183","targetHints":{"allow":["GET"]}}],"collection":[{"href":"https:\/\/df-nyt.dk\/blog\/wp-json\/wp\/v2\/posts"}],"about":[{"href":"https:\/\/df-nyt.dk\/blog\/wp-json\/wp\/v2\/types\/post"}],"author":[{"embeddable":true,"href":"https:\/\/df-nyt.dk\/blog\/wp-json\/wp\/v2\/users\/10"}],"replies":[{"embeddable":true,"href":"https:\/\/df-nyt.dk\/blog\/wp-json\/wp\/v2\/comments?post=10183"}],"version-history":[{"count":5,"href":"https:\/\/df-nyt.dk\/blog\/wp-json\/wp\/v2\/posts\/10183\/revisions"}],"predecessor-version":[{"id":111434,"href":"https:\/\/df-nyt.dk\/blog\/wp-json\/wp\/v2\/posts\/10183\/revisions\/111434"}],"wp:attachment":[{"href":"https:\/\/df-nyt.dk\/blog\/wp-json\/wp\/v2\/media?parent=10183"}],"wp:term":[{"taxonomy":"category","embeddable":true,"href":"https:\/\/df-nyt.dk\/blog\/wp-json\/wp\/v2\/categories?post=10183"},{"taxonomy":"post_tag","embeddable":true,"href":"https:\/\/df-nyt.dk\/blog\/wp-json\/wp\/v2\/tags?post=10183"}],"curies":[{"name":"wp","href":"https:\/\/api.w.org\/{rel}","templated":true}]}}