{"id":10237,"date":"2010-10-04T15:09:38","date_gmt":"2010-10-04T14:09:38","guid":{"rendered":"http:\/\/df-nyt.dk\/?p=10237"},"modified":"2026-01-06T04:59:57","modified_gmt":"2026-01-06T03:59:57","slug":"skraldekonflikt-italien-eskalerer","status":"publish","type":"post","link":"https:\/\/df-nyt.dk\/blog\/skraldekonflikt-italien-eskalerer\/","title":{"rendered":"Skraldekonflikt i Italien eskalerer"},"content":{"rendered":"<p><img loading=\"lazy\" decoding=\"async\" class=\"size-full alignleft\" title=\"041020101606\" src=\"https:\/\/df-nyt.dk\/\/wp-content\/uploads\/041020101606.png\" width=\"86\" height=\"101\" \/><\/p>\n<p>Kritisk rapport om affaldsproblemerne i den italienske region Campania vedtaget i borgerklageudvalget. Skriver man i Margrete Aukens Pressemeddelelsen<\/p>\n<p>\u2013og forts\u00e6tter<br \/>\nProblemerne vokser fortsat<br \/>\nSiden delegationen fra borgerklageudvalget, som Margrete var del af, i for\u00e5ret fik syn for de mange klager, der er v\u00e6ltet ind fra italienske borgere, er affaldsproblemerne I Campania-regionen bare vokset.<\/p>\n<p>De regionale myndigheder har ih\u00e6rdigt presset p\u00e5 for at f\u00e5 Kommissionen til at udbetale de EU midler, den har blokeret, fordi Italien ikke lever op til EUs affaldsdirektiv.<\/p>\n<p>Myndighederne i Campania har I forbindelse med charmeoffensiven udarbejdet forkromede planer, men intet er sket.<\/p>\n<p>Tv\u00e6rtimod er forholdene blevet v\u00e6rre.<br \/>\nDe eksisterende lossepladser er fyldt op til bristepunktet, det eneste etablerede forbr\u00e6ndingsanl\u00e6g er imidlertid lukket, og gamle planer om at \u00e5bne nye lossepladser i naturbeskyttede omr\u00e5der \u2013 blandt andet i Vesuvparken- er igen trukket op af skuffen.<\/p>\n<p>I de seneste uger har utilfredse borgere demonstreret p\u00e5 gaderne, flere er blevet arresteret og er af myndighederne blevet beskyldt for at v\u00e6re terrorister.<\/p>\n<p>Det er dybt bekymrende, at man end ikke \u00f8jner begyndelsen p\u00e5 en l\u00f8sning.<br \/>\nKommissionen b\u00f8r derfor fastholde presset p\u00e5 de italienske myndigheder og ikke lade sig besn\u00e6re af forkromede planer!<\/p>\n<p>Dem har der v\u00e6ret mange af i tidens l\u00f8b.<br \/>\nNu skal vi se konkrete resultater. Skriver SF i sin pressemeddelse<\/p>\n<p><a href=\"http:\/\/europarl.europa.eu\/meetdocs\/2009_2014\/documents\/peti\/dt\/830\/830539\/830539da.pdf\" target=\"_blank\" rel=\"noopener noreferrer\"><span style=\"text-decoration: underline\">L\u00e6s mere om problemerne i rapporten fra borgerklageudvalget (pdf-fil)<\/span><\/a><\/p>\n<p>For yderlig l\u00e6sning<\/p>\n<p><a href=\"https:\/\/sf.dk\/\" rel=\"noopener noreferrer\" target=\"_blank\"><span style=\"text-decoration: underline\">Seneste nyt fra SF<\/span><\/a><br \/>\n&nbsp;<br \/>\n<a href=\"https:\/\/greens-efa.eu\/en\/\" target=\"_blank\" rel=\"noopener noreferrer\"><span style=\"text-decoration: underline;\">Se den Gr\u00f8nne gruppe i parlamentet her<\/span><\/a><br \/>\n&nbsp;<br \/>\n<a href=\"http:\/\/europarl.europa.eu\/committees\/da\/peti\/home.html\" target=\"_blank\" rel=\"noopener noreferrer\"><span style=\"text-decoration: underline\">Udvalget for borgerklager (PETI)<\/span><\/a><br \/>\n&nbsp;<\/p>\n","protected":false},"excerpt":{"rendered":"<p>Kritisk rapport om affaldsproblemerne i den italienske region Campania vedtaget i borgerklageudvalget. Skriver man i Margrete Aukens Pressemeddelelsen \u2013og forts\u00e6tter Problemerne vokser fortsat Siden delegationen fra borgerklageudvalget, som Margrete var del af, i for\u00e5ret fik syn for de mange klager, der er v\u00e6ltet ind fra italienske borgere, er affaldsproblemerne I Campania-regionen bare vokset. De regionale [&hellip;]<\/p>\n","protected":false},"author":10,"featured_media":0,"comment_status":"open","ping_status":"closed","sticky":false,"template":"","format":"standard","meta":{"footnotes":""},"categories":[1],"tags":[],"class_list":["post-10237","post","type-post","status-publish","format-standard","hentry","category-df-nyt-dk"],"_links":{"self":[{"href":"https:\/\/df-nyt.dk\/blog\/wp-json\/wp\/v2\/posts\/10237","targetHints":{"allow":["GET"]}}],"collection":[{"href":"https:\/\/df-nyt.dk\/blog\/wp-json\/wp\/v2\/posts"}],"about":[{"href":"https:\/\/df-nyt.dk\/blog\/wp-json\/wp\/v2\/types\/post"}],"author":[{"embeddable":true,"href":"https:\/\/df-nyt.dk\/blog\/wp-json\/wp\/v2\/users\/10"}],"replies":[{"embeddable":true,"href":"https:\/\/df-nyt.dk\/blog\/wp-json\/wp\/v2\/comments?post=10237"}],"version-history":[{"count":5,"href":"https:\/\/df-nyt.dk\/blog\/wp-json\/wp\/v2\/posts\/10237\/revisions"}],"predecessor-version":[{"id":110814,"href":"https:\/\/df-nyt.dk\/blog\/wp-json\/wp\/v2\/posts\/10237\/revisions\/110814"}],"wp:attachment":[{"href":"https:\/\/df-nyt.dk\/blog\/wp-json\/wp\/v2\/media?parent=10237"}],"wp:term":[{"taxonomy":"category","embeddable":true,"href":"https:\/\/df-nyt.dk\/blog\/wp-json\/wp\/v2\/categories?post=10237"},{"taxonomy":"post_tag","embeddable":true,"href":"https:\/\/df-nyt.dk\/blog\/wp-json\/wp\/v2\/tags?post=10237"}],"curies":[{"name":"wp","href":"https:\/\/api.w.org\/{rel}","templated":true}]}}