{"id":10281,"date":"2010-10-04T22:01:27","date_gmt":"2010-10-04T21:01:27","guid":{"rendered":"http:\/\/df-nyt.dk\/?p=10281"},"modified":"2015-08-18T15:13:00","modified_gmt":"2015-08-18T13:13:00","slug":"mere-4-500-mennesker-demonstrerede-mod-det-ekstreme-hojre-stockholm","status":"publish","type":"post","link":"https:\/\/df-nyt.dk\/blog\/mere-4-500-mennesker-demonstrerede-mod-det-ekstreme-hojre-stockholm\/","title":{"rendered":"Mere end 4.500 mennesker demonstrerede mod det ekstreme h\u00f8jre i Stockholm"},"content":{"rendered":"<p><strong>Mere end 4.500 mennesker demonstrerede mod det ekstreme h\u00f8jre i Stockholm<\/strong><\/p>\n<p><strong><a href=\"https:\/\/df-nyt.dk\/blog\/wp-content\/uploads\/0410201022581.png\"><img loading=\"lazy\" decoding=\"async\" class=\"aligncenter size-full wp-image-45310\" src=\"https:\/\/df-nyt.dk\/blog\/wp-content\/uploads\/0410201022581.png\" alt=\"041020102258\" width=\"464\" height=\"275\" srcset=\"https:\/\/df-nyt.dk\/blog\/wp-content\/uploads\/0410201022581.png 464w, https:\/\/df-nyt.dk\/blog\/wp-content\/uploads\/0410201022581-400x237.png 400w\" sizes=\"auto, (max-width: 464px) 100vw, 464px\" \/><\/a><\/strong><\/p>\n<p>Mere end 4.500 mennesker var if\u00f8lge politiet, samlet i Stockholm sent mandag eftermiddag for at demonstrere mod h\u00f8jreekstremistiske parti\u00a0Sveriges Demokraterne (SD), der for f\u00f8rste gang kom ind i Parlamentet.<\/p>\n<p>De mange mennesker samles p\u00e5 et torv i centrum af den svenske hovedstad Stokholm, r\u00e5bte &#8220;Vi er flest, vi er de st\u00e6rkeste, stop racisme,&#8221; med bannere, som proklamerede &#8220;The EAS er forkert&#8221;, &#8220;Ingen racistiske i Parlamentet &#8220;Giv os Sverige&#8221; eller &#8220;Alle mennesker er en stor familie.&#8221;<\/p>\n<p>Demonstrationen var organiseret af en sammenslutning af anti-racistiske og venstreorienterede partier.<\/p>\n<p>En anden stor demonstration mod det ekstreme h\u00f8jre samlede den 20. september, som omkring 6.000 demonstranter i k\u00f8lvandet p\u00e5 valget.<\/p>\n<p>&#8220;Vi protesterer imod, at der er et racistisk parti i parlamentet,&#8221; sagde en demonstrant.<\/p>\n<p>&#8220;Det er deprimerende at se, at folk har stemt p\u00e5 dem.<\/p>\n<p>Kig dig omkring, der er folk fra hele verden, vi er alle svenske,&#8221; sagde en anden.<\/p>\n<p>Medlemmer af det svenske parlament, herunder de 20 nye parlamentarikere SD, samledes mandag for at v\u00e6lge deres pr\u00e6sident p\u00e5 t\u00e6rsklen til den officielle \u00e5bning af den parlamentariske forsamling.<\/p>\n<p>Uden en venstre-h\u00f8jre konsensus, var Per Westerberg (moderate i midten til h\u00f8jre) genvalgt med stemmer fra det ekstreme h\u00f8jre.<\/p>\n<p>Tirsdag skal statsminister Fredrik Reinfeldt centrum-h\u00f8jre freml\u00e6gge sin regering<\/p>\n<p><strong>L\u00e6s, <\/strong><strong>Der g\u00e5r en r\u00f8d tr\u00e5d fra\u00a0det h\u00f8jreekstremistiske parti,\u00a0Sveriges Demokraterne (SD) til Geert Wilders ekstremistiske meninger\u00a0<\/strong><strong>\u00a0<span style=\"text-decoration: underline;\"><a href=\"http:\/\/p77.dk\/politik-a-verden\/52-internationalt\/325-netvaerket-del-1-et-netvaerk-af-netvaerk\">&gt;&gt;&gt; \u00a0L\u00e6s det HER &lt;&lt;&lt;<\/a><\/span><\/strong><\/p>\n<p>&nbsp;<\/p>\n","protected":false},"excerpt":{"rendered":"<p>Mere end 4.500 mennesker demonstrerede mod det ekstreme h\u00f8jre i Stockholm Mere end 4.500 mennesker var if\u00f8lge politiet, samlet i Stockholm sent mandag eftermiddag for at demonstrere mod h\u00f8jreekstremistiske parti\u00a0Sveriges Demokraterne (SD), der for f\u00f8rste gang kom ind i Parlamentet. De mange mennesker samles p\u00e5 et torv i centrum af den svenske hovedstad Stokholm, r\u00e5bte [&hellip;]<\/p>\n","protected":false},"author":10,"featured_media":0,"comment_status":"open","ping_status":"closed","sticky":false,"template":"","format":"standard","meta":{"footnotes":""},"categories":[1],"tags":[],"class_list":["post-10281","post","type-post","status-publish","format-standard","hentry","category-df-nyt-dk"],"_links":{"self":[{"href":"https:\/\/df-nyt.dk\/blog\/wp-json\/wp\/v2\/posts\/10281","targetHints":{"allow":["GET"]}}],"collection":[{"href":"https:\/\/df-nyt.dk\/blog\/wp-json\/wp\/v2\/posts"}],"about":[{"href":"https:\/\/df-nyt.dk\/blog\/wp-json\/wp\/v2\/types\/post"}],"author":[{"embeddable":true,"href":"https:\/\/df-nyt.dk\/blog\/wp-json\/wp\/v2\/users\/10"}],"replies":[{"embeddable":true,"href":"https:\/\/df-nyt.dk\/blog\/wp-json\/wp\/v2\/comments?post=10281"}],"version-history":[{"count":0,"href":"https:\/\/df-nyt.dk\/blog\/wp-json\/wp\/v2\/posts\/10281\/revisions"}],"wp:attachment":[{"href":"https:\/\/df-nyt.dk\/blog\/wp-json\/wp\/v2\/media?parent=10281"}],"wp:term":[{"taxonomy":"category","embeddable":true,"href":"https:\/\/df-nyt.dk\/blog\/wp-json\/wp\/v2\/categories?post=10281"},{"taxonomy":"post_tag","embeddable":true,"href":"https:\/\/df-nyt.dk\/blog\/wp-json\/wp\/v2\/tags?post=10281"}],"curies":[{"name":"wp","href":"https:\/\/api.w.org\/{rel}","templated":true}]}}