{"id":10320,"date":"2010-10-05T18:11:16","date_gmt":"2010-10-05T17:11:16","guid":{"rendered":"http:\/\/df-nyt.dk\/?p=10320"},"modified":"2024-11-25T19:06:32","modified_gmt":"2024-11-25T18:06:32","slug":"borgmestern-strasbourg-roland-ries-har-faet-nok-af-fremmedhad-racisme-og-antisemitisme","status":"publish","type":"post","link":"https:\/\/df-nyt.dk\/blog\/borgmestern-strasbourg-roland-ries-har-faet-nok-af-fremmedhad-racisme-og-antisemitisme\/","title":{"rendered":"Borgmestern i Strasbourg Roland Ries har f\u00e5et nok af fremmedhad, racisme og antisemitisme"},"content":{"rendered":"<p>Borgmestern i Strasbourg Roland Ries har f\u00e5et nok af fremmedhad, racisme og antisemitisme\u00a0derfor er han g\u00e5et helt i front med en opfordring til borgerne i Strasbourg og dens forst\u00e6der<\/p>\n<p><img loading=\"lazy\" decoding=\"async\" class=\"alignleft size-full \" src=\"https:\/\/df-nyt.dk\/\/wp-content\/uploads\/280420132350.png\" alt=\"280420132350\" width=\"198\" height=\"155\" \/><br \/>\n&nbsp;<br \/>\nI Strasbourg, er mange mennesker de seneste m\u00e5neder, blevet forulempet p\u00e5 grund af deres oprindelse, deres religion eller deres civile engagement, og har v\u00e6ret udsat for afskyelige angreb af anonyme.<\/p>\n<p>Grave er blevet sk\u00e6ndet, og man truer selve grundlaget for vores civilisation.<\/p>\n<p>Disse handlinger har til form\u00e5l at \u00f8del\u00e6gge den sociale fred i Strasbourg og dens forst\u00e6der.<\/p>\n<p>Ud over et st\u00e6rke politi og retsv\u00e6sen, er det en b\u00e5de, moralsk og politisk udfordring for vores samfund &#8211;\u00a0og det er af afg\u00f8rende betydning.<\/p>\n<p>Der skal mobilisere s\u00e5 mange imod dem, og til forsvar for republikanske v\u00e6rdier at det oph\u00f8rer.<\/p>\n<p>Dette budskab, \u00f8nsker Roland Ries, borgmester i Strasbourg at udbrede, s\u00e5 han appellerede til alle republikanere i Strasbourg og dens forst\u00e6der.<\/p>\n<p>Strasbourg og dens forst\u00e6der er blevet ramt i flere m\u00e5neder af en r\u00e6kke begivenheder, som er karakteriseret ved had og intolerance.<\/p>\n<p>Vi siger: Nok er nok!<br \/>\nDemokrati bygger p\u00e5 respekt for hinanden, uanset oprindelse, religion, meninger, hudfarve mv.<\/p>\n<p>Vi skal bek\u00e6mpe modstandere af demokratiet. De b\u00f8r arresteres og id\u00f8mmes en h\u00e5rd straf.<\/p>\n<p>Vi opfordrer alle demokrater til at danne en republikansk front og n\u00e6gtede det uacceptable, &#8211; og fremme de samfundsm\u00e6ssige v\u00e6rdier, der ligger til grund for vores liv sammen.<\/p>\n<p>Vi beder derfor vores borgere og vores medborgere om at underskrive denne erkl\u00e6ring med os.<\/p>\n<p>S\u00e5dan cirka n\u00e6sten, st\u00e5r der hjemmesiden strasbourg.eu<\/p>\n<p>Reference<br \/>\n\/\/strasbourg.eu \/accueil\/ItemID=1589680563\/strasbourg.eu<br \/>\n\u00a0der er man begyndt p\u00e5 en underskriftindsamling online<br \/>\nog der er ogs\u00e5 oprettet en \/\/facebook.com \/pages\/Appel-a-tous-les-Republicains-de-Strasbourg-et-de-son-agglomeration\/wall-FaceBook-gruppe<\/p>\n<p>For yderlig l\u00e6sning<\/p>\n<p><a href=\"http:\/\/p77.dk\/politik-a-verden\/52-internationalt\/netvaerket-del-1-et-netvaerk-af-netvaerk\"><span style=\"text-decoration: underline;\">Netavisen P77.dk \/\/p77.dk\/hadets-og-intolerancens-netv\u00e6rk<\/span><\/a><br \/>\n&nbsp;<br \/>\n<img loading=\"lazy\" decoding=\"async\" class=\"aligncenter size-full \" src=\"https:\/\/df-nyt.dk\/blog\/wp-content\/uploads\/280420132351.png\" alt=\"280420132351\" width=\"351\" height=\"324\" \/><br \/>\n&nbsp;<\/p>\n","protected":false},"excerpt":{"rendered":"<p>Borgmestern i Strasbourg Roland Ries har f\u00e5et nok af fremmedhad, racisme og antisemitisme\u00a0derfor er han g\u00e5et helt i front med en opfordring til borgerne i Strasbourg og dens forst\u00e6der &nbsp; I Strasbourg, er mange mennesker de seneste m\u00e5neder, blevet forulempet p\u00e5 grund af deres oprindelse, deres religion eller deres civile engagement, og har v\u00e6ret udsat [&hellip;]<\/p>\n","protected":false},"author":10,"featured_media":0,"comment_status":"open","ping_status":"closed","sticky":false,"template":"","format":"standard","meta":{"footnotes":""},"categories":[1],"tags":[],"class_list":["post-10320","post","type-post","status-publish","format-standard","hentry","category-df-nyt-dk"],"_links":{"self":[{"href":"https:\/\/df-nyt.dk\/blog\/wp-json\/wp\/v2\/posts\/10320","targetHints":{"allow":["GET"]}}],"collection":[{"href":"https:\/\/df-nyt.dk\/blog\/wp-json\/wp\/v2\/posts"}],"about":[{"href":"https:\/\/df-nyt.dk\/blog\/wp-json\/wp\/v2\/types\/post"}],"author":[{"embeddable":true,"href":"https:\/\/df-nyt.dk\/blog\/wp-json\/wp\/v2\/users\/10"}],"replies":[{"embeddable":true,"href":"https:\/\/df-nyt.dk\/blog\/wp-json\/wp\/v2\/comments?post=10320"}],"version-history":[{"count":2,"href":"https:\/\/df-nyt.dk\/blog\/wp-json\/wp\/v2\/posts\/10320\/revisions"}],"predecessor-version":[{"id":107077,"href":"https:\/\/df-nyt.dk\/blog\/wp-json\/wp\/v2\/posts\/10320\/revisions\/107077"}],"wp:attachment":[{"href":"https:\/\/df-nyt.dk\/blog\/wp-json\/wp\/v2\/media?parent=10320"}],"wp:term":[{"taxonomy":"category","embeddable":true,"href":"https:\/\/df-nyt.dk\/blog\/wp-json\/wp\/v2\/categories?post=10320"},{"taxonomy":"post_tag","embeddable":true,"href":"https:\/\/df-nyt.dk\/blog\/wp-json\/wp\/v2\/tags?post=10320"}],"curies":[{"name":"wp","href":"https:\/\/api.w.org\/{rel}","templated":true}]}}