{"id":10352,"date":"2010-10-06T13:48:27","date_gmt":"2010-10-06T12:48:27","guid":{"rendered":"http:\/\/df-nyt.dk\/?p=10352"},"modified":"2026-01-06T04:57:39","modified_gmt":"2026-01-06T03:57:39","slug":"unge-tar-ansvar-demonstration-kbh-d-510-2010","status":"publish","type":"post","link":"https:\/\/df-nyt.dk\/blog\/unge-tar-ansvar-demonstration-kbh-d-510-2010\/","title":{"rendered":"Unge ta&#8217;r ansvar &#8211; Reportage fra Stordemonstrationen i Kbh. d.5\/10 2010"},"content":{"rendered":"<p>Unge ta&#8217;r ansvar &#8211; Reportage fra Stordemonstrationen i Kbh. d.5\/10 2010<\/p>\n<p><iframe loading=\"lazy\" title=\"YouTube video player\" src=\"https:\/\/youtube.com\/embed\/mlcRu3W9Fz8\" width=\"400\" height=\"225\" frameborder=\"0\"><\/iframe><br \/>\nSe video, herover<\/p>\n<p>I demonstrationen deltog unge fra mange forskelige uddannelsessteder.<\/p>\n<p><img loading=\"lazy\" decoding=\"async\" class=\"alignnone size-full\" title=\"061020101435\" src=\"https:\/\/df-nyt.dk\/\/wp-content\/uploads\/061020101435.png\" width=\"339\" height=\"206\" \/><\/p>\n<p>Talerne var fokuseret p\u00e5 de unges og uddannelsess\u00f8gendes problemer.<br \/>\nDe tog fat i b\u00e5de sommerens krisepakke og \u00e5bningstalen og finanslovsforhandlingerne.<\/p>\n<p>De forskelige uddannelsespolitiske organisationer i Unge ta&#8217;r ansvar, der indkaldte til demonstrationen, havde nedlagt forbund mod partipolitiske flag, bannere &#8211; og tilmed l\u00f8besedler.<\/p>\n<p>Dels i angst for d\u00e5rlig omtale, dels fordi nogle partier fra tid til anden kommer med s\u00e5 mange reklameskilte og flag, at hele demonstrationens udtryk bliver et andet end det planlagte.<\/p>\n","protected":false},"excerpt":{"rendered":"<p>Unge ta&#8217;r ansvar &#8211; Reportage fra Stordemonstrationen i Kbh. d.5\/10 2010 Se video, herover I demonstrationen deltog unge fra mange forskelige uddannelsessteder. Talerne var fokuseret p\u00e5 de unges og uddannelsess\u00f8gendes problemer. De tog fat i b\u00e5de sommerens krisepakke og \u00e5bningstalen og finanslovsforhandlingerne. De forskelige uddannelsespolitiske organisationer i Unge ta&#8217;r ansvar, der indkaldte til demonstrationen, havde [&hellip;]<\/p>\n","protected":false},"author":10,"featured_media":0,"comment_status":"open","ping_status":"closed","sticky":false,"template":"","format":"standard","meta":{"footnotes":""},"categories":[1],"tags":[],"class_list":["post-10352","post","type-post","status-publish","format-standard","hentry","category-df-nyt-dk"],"_links":{"self":[{"href":"https:\/\/df-nyt.dk\/blog\/wp-json\/wp\/v2\/posts\/10352","targetHints":{"allow":["GET"]}}],"collection":[{"href":"https:\/\/df-nyt.dk\/blog\/wp-json\/wp\/v2\/posts"}],"about":[{"href":"https:\/\/df-nyt.dk\/blog\/wp-json\/wp\/v2\/types\/post"}],"author":[{"embeddable":true,"href":"https:\/\/df-nyt.dk\/blog\/wp-json\/wp\/v2\/users\/10"}],"replies":[{"embeddable":true,"href":"https:\/\/df-nyt.dk\/blog\/wp-json\/wp\/v2\/comments?post=10352"}],"version-history":[{"count":3,"href":"https:\/\/df-nyt.dk\/blog\/wp-json\/wp\/v2\/posts\/10352\/revisions"}],"predecessor-version":[{"id":110811,"href":"https:\/\/df-nyt.dk\/blog\/wp-json\/wp\/v2\/posts\/10352\/revisions\/110811"}],"wp:attachment":[{"href":"https:\/\/df-nyt.dk\/blog\/wp-json\/wp\/v2\/media?parent=10352"}],"wp:term":[{"taxonomy":"category","embeddable":true,"href":"https:\/\/df-nyt.dk\/blog\/wp-json\/wp\/v2\/categories?post=10352"},{"taxonomy":"post_tag","embeddable":true,"href":"https:\/\/df-nyt.dk\/blog\/wp-json\/wp\/v2\/tags?post=10352"}],"curies":[{"name":"wp","href":"https:\/\/api.w.org\/{rel}","templated":true}]}}