{"id":10367,"date":"2010-10-06T15:01:58","date_gmt":"2010-10-06T14:01:58","guid":{"rendered":"http:\/\/df-nyt.dk\/?p=10367"},"modified":"2024-09-16T20:58:04","modified_gmt":"2024-09-16T18:58:04","slug":"claus-hjorth-frederiksen-en-anden-and-dr","status":"publish","type":"post","link":"https:\/\/df-nyt.dk\/blog\/claus-hjorth-frederiksen-en-anden-and-dr\/","title":{"rendered":"Claus Hjorth Frederiksen: En anden \u00e5nd i DR"},"content":{"rendered":"<p><img loading=\"lazy\" decoding=\"async\" class=\"alignleft size-full \" src=\"https:\/\/df-nyt.dk\/\/wp-content\/uploads\/0610201015581.png\" alt=\"061020101558\" width=\"233\" height=\"158\" \/><br \/>\n&nbsp;<br \/>\nFinansminister Claus Hjorth Frederiksen leverede for nylig en af den slags udtalelser, der ikke m\u00e5 glemmes, fordi den er s\u00e5 uhyre tr\u00e6ffende for den tids\u00e5nd, der hersker politisk og kulturelt i dagens Danmark.<\/p>\n<p>Konteksten er DR2&#8217;s dokumentarserie, <a href=\"http:\/\/humanisme.dk\/artikler\/modpol108.php\" target=\"_blank\" rel=\"noopener noreferrer\"><em>Jagten p\u00e5 de r\u00f8de lejesvende<\/em><\/a>, hvor finansministeren blev bedt om at forholde sig til forskellen p\u00e5 Danmarks Radio i 1970&#8217;erne og 2010.<\/p>\n<p>Her f\u00f8lger hans vurdering<\/p>\n<p>Reference<\/p>\n<p><a href=\"http:\/\/humanisme.dk\/logbog\/log182.php\" target=\"_blank\" rel=\"noopener noreferrer\"><span style=\"text-decoration: underline;\">\/\/humanisme.dk \/logbog-L\u00e6s-det-HER<\/span><br \/>\n&nbsp;<\/p>\n<p><\/a><a href=\"http:\/\/humanisme.dk\/artikler\/modpol108.php\" rel=\"noopener noreferrer\" target=\" blank\"><span style=\"text-decoration: underline\">\/\/humanisme.dk\/modpo-L\u00e6s-det-HER<\/span><\/a><br \/>\n&nbsp;<\/p>\n","protected":false},"excerpt":{"rendered":"<p>&nbsp; Finansminister Claus Hjorth Frederiksen leverede for nylig en af den slags udtalelser, der ikke m\u00e5 glemmes, fordi den er s\u00e5 uhyre tr\u00e6ffende for den tids\u00e5nd, der hersker politisk og kulturelt i dagens Danmark. Konteksten er DR2&#8217;s dokumentarserie, Jagten p\u00e5 de r\u00f8de lejesvende, hvor finansministeren blev bedt om at forholde sig til forskellen p\u00e5 Danmarks [&hellip;]<\/p>\n","protected":false},"author":10,"featured_media":0,"comment_status":"open","ping_status":"closed","sticky":false,"template":"","format":"standard","meta":{"footnotes":""},"categories":[1],"tags":[],"class_list":["post-10367","post","type-post","status-publish","format-standard","hentry","category-df-nyt-dk"],"_links":{"self":[{"href":"https:\/\/df-nyt.dk\/blog\/wp-json\/wp\/v2\/posts\/10367","targetHints":{"allow":["GET"]}}],"collection":[{"href":"https:\/\/df-nyt.dk\/blog\/wp-json\/wp\/v2\/posts"}],"about":[{"href":"https:\/\/df-nyt.dk\/blog\/wp-json\/wp\/v2\/types\/post"}],"author":[{"embeddable":true,"href":"https:\/\/df-nyt.dk\/blog\/wp-json\/wp\/v2\/users\/10"}],"replies":[{"embeddable":true,"href":"https:\/\/df-nyt.dk\/blog\/wp-json\/wp\/v2\/comments?post=10367"}],"version-history":[{"count":2,"href":"https:\/\/df-nyt.dk\/blog\/wp-json\/wp\/v2\/posts\/10367\/revisions"}],"predecessor-version":[{"id":104424,"href":"https:\/\/df-nyt.dk\/blog\/wp-json\/wp\/v2\/posts\/10367\/revisions\/104424"}],"wp:attachment":[{"href":"https:\/\/df-nyt.dk\/blog\/wp-json\/wp\/v2\/media?parent=10367"}],"wp:term":[{"taxonomy":"category","embeddable":true,"href":"https:\/\/df-nyt.dk\/blog\/wp-json\/wp\/v2\/categories?post=10367"},{"taxonomy":"post_tag","embeddable":true,"href":"https:\/\/df-nyt.dk\/blog\/wp-json\/wp\/v2\/tags?post=10367"}],"curies":[{"name":"wp","href":"https:\/\/api.w.org\/{rel}","templated":true}]}}