{"id":10410,"date":"2010-10-07T17:58:27","date_gmt":"2010-10-07T16:58:27","guid":{"rendered":"http:\/\/df-nyt.dk\/?p=10410"},"modified":"2024-09-28T08:16:22","modified_gmt":"2024-09-28T06:16:22","slug":"abningstale-uden-kultur","status":"publish","type":"post","link":"https:\/\/df-nyt.dk\/blog\/abningstale-uden-kultur\/","title":{"rendered":"\u00c5bningstale uden kultur!"},"content":{"rendered":"<p><img loading=\"lazy\" decoding=\"async\" class=\"alignleft \" src=\"https:\/\/df-nyt.dk\/wp-content\/uploads\/080920101828.png\" alt=\"\" width=\"150\" height=\"150\" \/>SFs kulturordf\u00f8rer Pernille Frahm, \u00f8nsker, hun havde to hoveder at tage sig til efter Lars L\u00f8kkes \u00e5bningstale til folketinge. Skriver SF i sin pressemeddelelse<\/p>\n<p>\u2013og fors\u00e6tter<br \/>\nP\u00e5 trods af, at flere og flere i erhvervslivet nu anerkender kunst som en vigtig branding og eksportvare for Danmark, p\u00e5 trods af, at forskere kan p\u00e5pege kulturens positive indflydelse p\u00e5 Danmarks \u00f8konomi i almindelighed og for udkants Danmarks situation i s\u00e6rdeleshed og p\u00e5 trods af vores viden om kultur og kreativitets betydning for b\u00f8rns l\u00e6seindl\u00e6ring i folkeskolen, har statsministeren alligevel ikke brugt et eneste ord p\u00e5 kultur i sin \u00e5bningstale.<\/p>\n<p>Det viser, at han lever i Danmark af i g\u00e5r.<br \/>\nI fremtiden skal vi leve af blandt andet de kreative talenter.<\/p>\n<p>Hvordan man forestiller sig at styrke dem, uden at styrke kunst og kultur, er en g\u00e5de.<br \/>\nI SF har vi valgt at styrke kulturen med 120 mio. i vores forslag til finanslov, som er fuldt finansieret.<\/p>\n<p>Regeringen har valgt at spare et samlet bel\u00f8b, der kommer op i n\u00e6rheden af 100 mio. \u2013 heraf de 42 mio. p\u00e5 de s\u00e5kaldte frie tipsmidler.<\/p>\n<p>Forskellen mellem regeringen og oppositionen er s\u00e5ledes omkring 200 mio.<\/p>\n<p>Det er markant, men det mest markante er dog, at regeringen ikke forst\u00e5r, hvordan kunstens og kulturens styrker er en ressource, og at investeringer heri kommer mangfoldigt igen. Skriver SF i sin pressemeddelelse<\/p>\n<p>For yderlig l\u00e6sning<\/p>\n<p><a href=\"http:\/\/sf.dk\/\" target=\"_blank\" rel=\"noopener noreferrer\"><span style=\"text-decoration: underline;\">Seneste nyt fra SF<\/span><\/a><\/p>\n","protected":false},"excerpt":{"rendered":"<p>SFs kulturordf\u00f8rer Pernille Frahm, \u00f8nsker, hun havde to hoveder at tage sig til efter Lars L\u00f8kkes \u00e5bningstale til folketinge. Skriver SF i sin pressemeddelelse \u2013og fors\u00e6tter P\u00e5 trods af, at flere og flere i erhvervslivet nu anerkender kunst som en vigtig branding og eksportvare for Danmark, p\u00e5 trods af, at forskere kan p\u00e5pege kulturens positive [&hellip;]<\/p>\n","protected":false},"author":10,"featured_media":0,"comment_status":"open","ping_status":"closed","sticky":false,"template":"","format":"standard","meta":{"footnotes":""},"categories":[1],"tags":[],"class_list":["post-10410","post","type-post","status-publish","format-standard","hentry","category-df-nyt-dk"],"_links":{"self":[{"href":"https:\/\/df-nyt.dk\/blog\/wp-json\/wp\/v2\/posts\/10410","targetHints":{"allow":["GET"]}}],"collection":[{"href":"https:\/\/df-nyt.dk\/blog\/wp-json\/wp\/v2\/posts"}],"about":[{"href":"https:\/\/df-nyt.dk\/blog\/wp-json\/wp\/v2\/types\/post"}],"author":[{"embeddable":true,"href":"https:\/\/df-nyt.dk\/blog\/wp-json\/wp\/v2\/users\/10"}],"replies":[{"embeddable":true,"href":"https:\/\/df-nyt.dk\/blog\/wp-json\/wp\/v2\/comments?post=10410"}],"version-history":[{"count":3,"href":"https:\/\/df-nyt.dk\/blog\/wp-json\/wp\/v2\/posts\/10410\/revisions"}],"predecessor-version":[{"id":104919,"href":"https:\/\/df-nyt.dk\/blog\/wp-json\/wp\/v2\/posts\/10410\/revisions\/104919"}],"wp:attachment":[{"href":"https:\/\/df-nyt.dk\/blog\/wp-json\/wp\/v2\/media?parent=10410"}],"wp:term":[{"taxonomy":"category","embeddable":true,"href":"https:\/\/df-nyt.dk\/blog\/wp-json\/wp\/v2\/categories?post=10410"},{"taxonomy":"post_tag","embeddable":true,"href":"https:\/\/df-nyt.dk\/blog\/wp-json\/wp\/v2\/tags?post=10410"}],"curies":[{"name":"wp","href":"https:\/\/api.w.org\/{rel}","templated":true}]}}