{"id":10423,"date":"2010-10-08T15:36:17","date_gmt":"2010-10-08T14:36:17","guid":{"rendered":"http:\/\/df-nyt.dk\/?p=10423"},"modified":"2024-09-28T18:31:33","modified_gmt":"2024-09-28T16:31:33","slug":"sf-transportministeren-ma-forklare-sig-om-dyrere-rejsekort","status":"publish","type":"post","link":"https:\/\/df-nyt.dk\/blog\/sf-transportministeren-ma-forklare-sig-om-dyrere-rejsekort\/","title":{"rendered":"SF: Transportministeren m\u00e5 forklare sig om dyrere rejsekort"},"content":{"rendered":"<p><img loading=\"lazy\" decoding=\"async\" src=\"https:\/\/df-nyt.dk\/wp-content\/uploads\/081020101630.png\" alt=\"\" width=\"278\" height=\"186\" class=\"alignleft size-full \" \/><\/p>\n<p>SF: Transportministeren m\u00e5 forklare sig om dyrere rejsekort<br \/>\nStik imod forrige transportminister Lars Barfoeds l\u00f8fter viser et notat fra de offentlige busselskabers organisation, at rejsekortet kommer til at koste dem 150 millioner kroner ekstra om \u00e5ret frem til 2026.<br \/>\nSagen er ved at udvikle sig til en gedigen skandale, og Anne Baastrup SFs trafikordf\u00f8rer kalder nu transportministeren i samr\u00e5d, s\u00e5 han kan redeg\u00f8re for den nye udvikling, som hun frygter, vil medf\u00f8re dyrere billetter for pendlerne.<\/p>\n<p>&#8211; Jeg er dybt forundret over, at der hele tiden dukker nye problemer op med det nye rejsekort, som ellers skulle sikre nem og fleksibel billetk\u00f8b for pendlerne.<\/p>\n<p>Skriver man i Pressemeddelelsen fra Anne Baastrup<br \/>\n\u2013Og fors\u00e6tter<br \/>\nNu viser det sig, at prisen for det nye system bliver markant dyrere for busselskaberne. <\/p>\n<p>Jeg er alvorligt bange for, at det betyder dyrere billetter for pendlerne. Det m\u00e5 ikke ske. Vi skal have sat en stopper for, at udgifterne hele tiden skrider, udtaler SFs trafikordf\u00f8rer Anne Baastrup, som har indkaldt transportministeren i samr\u00e5d om sagen.<\/p>\n<p>&#8211; Det m\u00e5 under ingen omst\u00e6ndigheder g\u00e5 ud over brugerne af den kollektive trafik. Vi ved, at hvis de f\u00f8rst f\u00e5r d\u00e5rlige oplevelser med den kollektive trafik, s\u00e5 forsvinder de, og det bliver rigtig sv\u00e6rt at f\u00e5 dem tilbage igen. <\/p>\n<p>N\u00e5r vi har en ambition om at fordoble antallet af brugere af den kollektive trafik, s\u00e5 m\u00e5 det ikke blive dyrere, siger Anne Baastrup.<\/p>\n<p>&#8211; Vi havde en klar aftale med den tidligere transportminister om, at rejsekortet ikke m\u00e5tte fordyre rejserne, det g\u00e5r jeg ud fra at den nuv\u00e6rende minister ogs\u00e5 mener, slutter Anne Baastrup.<\/p>\n<p>For yderlig l\u00e6sning<\/p>\n<p><a href=\"https:\/\/sf.dk\/nyheder\/\" rel=\"noopener noreferrer\" target=\"_blank\"><span style=\"text-decoration: underline\">Seneste nyt fra SF<\/span><\/a><br \/>\n&nbsp;<\/p>\n<p><a href=\"https:\/\/df-nyt.dk\/sf-transportministeren-ma-forklare-sig-om-dyrere-rejsekort\/\" target=\"_blank\" rel=\"noopener noreferrer\"><span style=\"text-decoration: underline\">SF: Transportministeren m\u00e5 forklare sig om dyrere rejsekort<\/span><\/a><\/p>\n<p>&nbsp;<\/p>\n","protected":false},"excerpt":{"rendered":"<p>SF: Transportministeren m\u00e5 forklare sig om dyrere rejsekort Stik imod forrige transportminister Lars Barfoeds l\u00f8fter viser et notat fra de offentlige busselskabers organisation, at rejsekortet kommer til at koste dem 150 millioner kroner ekstra om \u00e5ret frem til 2026. Sagen er ved at udvikle sig til en gedigen skandale, og Anne Baastrup SFs trafikordf\u00f8rer kalder [&hellip;]<\/p>\n","protected":false},"author":10,"featured_media":0,"comment_status":"open","ping_status":"closed","sticky":false,"template":"","format":"standard","meta":{"footnotes":""},"categories":[1],"tags":[],"class_list":["post-10423","post","type-post","status-publish","format-standard","hentry","category-df-nyt-dk"],"_links":{"self":[{"href":"https:\/\/df-nyt.dk\/blog\/wp-json\/wp\/v2\/posts\/10423","targetHints":{"allow":["GET"]}}],"collection":[{"href":"https:\/\/df-nyt.dk\/blog\/wp-json\/wp\/v2\/posts"}],"about":[{"href":"https:\/\/df-nyt.dk\/blog\/wp-json\/wp\/v2\/types\/post"}],"author":[{"embeddable":true,"href":"https:\/\/df-nyt.dk\/blog\/wp-json\/wp\/v2\/users\/10"}],"replies":[{"embeddable":true,"href":"https:\/\/df-nyt.dk\/blog\/wp-json\/wp\/v2\/comments?post=10423"}],"version-history":[{"count":2,"href":"https:\/\/df-nyt.dk\/blog\/wp-json\/wp\/v2\/posts\/10423\/revisions"}],"predecessor-version":[{"id":104937,"href":"https:\/\/df-nyt.dk\/blog\/wp-json\/wp\/v2\/posts\/10423\/revisions\/104937"}],"wp:attachment":[{"href":"https:\/\/df-nyt.dk\/blog\/wp-json\/wp\/v2\/media?parent=10423"}],"wp:term":[{"taxonomy":"category","embeddable":true,"href":"https:\/\/df-nyt.dk\/blog\/wp-json\/wp\/v2\/categories?post=10423"},{"taxonomy":"post_tag","embeddable":true,"href":"https:\/\/df-nyt.dk\/blog\/wp-json\/wp\/v2\/tags?post=10423"}],"curies":[{"name":"wp","href":"https:\/\/api.w.org\/{rel}","templated":true}]}}