{"id":10498,"date":"2010-10-10T08:53:04","date_gmt":"2010-10-10T07:53:04","guid":{"rendered":"http:\/\/df-nyt.dk\/?p=10498"},"modified":"2026-02-14T01:21:24","modified_gmt":"2026-02-14T00:21:24","slug":"katrine-winkel-holm-noterer-jp-som-den-sidste-avis-anmelder-min-bog-og-anmeldelsen-ikke-er-den-klogeste","status":"publish","type":"post","link":"https:\/\/df-nyt.dk\/blog\/katrine-winkel-holm-noterer-jp-som-den-sidste-avis-anmelder-min-bog-og-anmeldelsen-ikke-er-den-klogeste\/","title":{"rendered":"Katrine Winkel Holm Noterer at JP som den sidste avis anmelder min bog og at anmeldelsen ikke er den klogeste;"},"content":{"rendered":"<p>Katrine Winkel Holm Noterer at JP som den sidste avis anmelder min bog og at anmeldelsen ikke er den klogeste<\/p>\n<p><em>-den minder p\u00e5faldende meget om annmeldeldsen i i Information, dog tilf\u00f8jet lidt forargelse.<\/em><\/p>\n<p>De mere principielle ting: Definitionen af ligestilling, feminismens to b\u00f8lger, atomiseringen af familien springes fuldst\u00e6ndigt over.<\/p>\n<p>Til geng\u00e6ld er hun forarget over at en bog med under titlen<br \/>\n&#8220;kvinderne og det f\u00e6lles liv&#8221; ikke handler mere om m\u00e6ndene<\/p>\n<p><img loading=\"lazy\" decoding=\"async\" class=\"alignnone\" src=\"https:\/\/df-nyt.dk\/wp-content\/uploads\/1010201009271.png\" alt=\"\" width=\"470\" height=\"162\" \/><\/p>\n<p>Det er nemt at forst\u00e5 frustrationerne, anmeldere\/anmeldelser som ikke roser Trykkefrihedsselskabets bestyrelsesmedlem, Katrine Winkelholm, er bare ikke -den klogeste.<\/p>\n<p>Hvordan kan det v\u00e6re anderledes -hvis skjorten er for kort og numsen er bar?<\/p>\n<p>Eller sagt med andre ord, kan man ikke d\u00e6kke sig bag en oph\u00f8jet status, bliver vurderet og fundet for let, -s\u00e5 er anmelderen\/anmeldelsen -ikke den klogeste.<\/p>\n<p>Men t\u00e6nk nu, hvis det forholdt sig lige omvendt.<br \/>\nSom -Hvis -evnerne er f\u00e5 og sm\u00e5, -s\u00e5 ender man med pr\u00e6stekrave p\u00e5.<\/p>\n<p>Selv Uwe Max Jensen har gennemskuet, det n\u00e6rmest gr\u00e6nsel\u00f8se hykleri<br \/>\nsom Trykkefrihedsselskabet er eksponent for.<\/p>\n<p>Det i sig selv, burde v\u00e6kke stof til eftertanke og selvransagelse.<\/p>\n<p>For yderlig l\u00e6sning<\/p>\n<p><a href=\"https:\/\/df-nyt.dk\/?p=10479\" target=\"_blank\" rel=\"noopener noreferrer\"><span style=\"text-decoration: underline;\">Ja s\u00e5 forlod Uwe Max Jensen trykkefrihedsselskabet<\/span><\/a><br \/>\n&nbsp;<\/p>\n","protected":false},"excerpt":{"rendered":"<p>Katrine Winkel Holm Noterer at JP som den sidste avis anmelder min bog og at anmeldelsen ikke er den klogeste -den minder p\u00e5faldende meget om annmeldeldsen i i Information, dog tilf\u00f8jet lidt forargelse. De mere principielle ting: Definitionen af ligestilling, feminismens to b\u00f8lger, atomiseringen af familien springes fuldst\u00e6ndigt over. Til geng\u00e6ld er hun forarget over [&hellip;]<\/p>\n","protected":false},"author":10,"featured_media":0,"comment_status":"open","ping_status":"closed","sticky":false,"template":"","format":"standard","meta":{"footnotes":""},"categories":[1],"tags":[],"class_list":["post-10498","post","type-post","status-publish","format-standard","hentry","category-df-nyt-dk"],"_links":{"self":[{"href":"https:\/\/df-nyt.dk\/blog\/wp-json\/wp\/v2\/posts\/10498","targetHints":{"allow":["GET"]}}],"collection":[{"href":"https:\/\/df-nyt.dk\/blog\/wp-json\/wp\/v2\/posts"}],"about":[{"href":"https:\/\/df-nyt.dk\/blog\/wp-json\/wp\/v2\/types\/post"}],"author":[{"embeddable":true,"href":"https:\/\/df-nyt.dk\/blog\/wp-json\/wp\/v2\/users\/10"}],"replies":[{"embeddable":true,"href":"https:\/\/df-nyt.dk\/blog\/wp-json\/wp\/v2\/comments?post=10498"}],"version-history":[{"count":4,"href":"https:\/\/df-nyt.dk\/blog\/wp-json\/wp\/v2\/posts\/10498\/revisions"}],"predecessor-version":[{"id":111818,"href":"https:\/\/df-nyt.dk\/blog\/wp-json\/wp\/v2\/posts\/10498\/revisions\/111818"}],"wp:attachment":[{"href":"https:\/\/df-nyt.dk\/blog\/wp-json\/wp\/v2\/media?parent=10498"}],"wp:term":[{"taxonomy":"category","embeddable":true,"href":"https:\/\/df-nyt.dk\/blog\/wp-json\/wp\/v2\/categories?post=10498"},{"taxonomy":"post_tag","embeddable":true,"href":"https:\/\/df-nyt.dk\/blog\/wp-json\/wp\/v2\/tags?post=10498"}],"curies":[{"name":"wp","href":"https:\/\/api.w.org\/{rel}","templated":true}]}}