{"id":10546,"date":"2010-10-11T20:13:13","date_gmt":"2010-10-11T19:13:13","guid":{"rendered":"http:\/\/df-nyt.dk\/?p=10546"},"modified":"2025-09-14T09:05:33","modified_gmt":"2025-09-14T07:05:33","slug":"sit-livs-v%c3%a6rste-mareridt-en-ul%c3%b8selig-klemme-hos-jobcentret","status":"publish","type":"post","link":"https:\/\/df-nyt.dk\/blog\/sit-livs-v%c3%a6rste-mareridt-en-ul%c3%b8selig-klemme-hos-jobcentret\/","title":{"rendered":"Sit livs v\u00e6rste mareridt, I en ul\u00f8selig klemme hos Jobcentret"},"content":{"rendered":"<p><img loading=\"lazy\" decoding=\"async\" class=\"alignleft size-full \" src=\"https:\/\/df-nyt.dk\/blog\/wp-content\/uploads\/100720132257.png\" alt=\"100720132257\" width=\"247\" height=\"226\" \/>Sit livs v\u00e6rste mareridt, I en ul\u00f8selig klemme hos Jobcentret<\/p>\n<p>SYGE I KLEMME (8): Tilv\u00e6relsen smuldrer for hende.<br \/>\nDet har v\u00e6ret undervejs l\u00e6nge.<\/p>\n<p>Men det g\u00e5r st\u00e6rkt nu.<br \/>\nHun er ked af det, bange \u2013 p\u00e5 egne og familiens vegne.<\/p>\n<p>Angst for, hvad der skal blive af dem alle sammen.<br \/>\nDesperat engang imellem \u2013 \u201djeg havde planlagt at tage livet af mig selv, men n\u00e5r jeg s\u00e5 t\u00e6nkte p\u00e5 mine d\u00f8tre og min mand, s\u00e5 kunne jeg ikke\u201d, siger hun.<\/p>\n<p>Hun kan ikke se nogen vej ud af mareridtet.<br \/>\nTre \u00e5r med utallige unders\u00f8gelser og masser af forskellige behandlinger \u2013 uden at hun er blevet rask.<\/p>\n<p>\u00d8konomisk har kommunen nu lukket de fleste d\u00f8re og truer med at lukke den sidste \u2013 d\u00f8ren til f\u00f8rtidspension.<\/p>\n<p>Jobcentret har indstillet, at Pensionsudvalget skal sige nej til at give 49-\u00e5rige Mai-Britt Nikolajsen f\u00f8rtidspension.<\/p>\n<p>P\u00e5 det kommunale Jobcenter vil man nemlig ikke udelukke, at der m\u00e5ske engang kan findes en lille rest af arbejdsevne hos Mai-Britt Nikolajsen, s\u00e5 hun kan komme ud p\u00e5 arbejdsmarkedet igen og fors\u00f8rge sig selv.<\/p>\n<p>Godt nok siger de mange l\u00e6geerkl\u00e6ringer i hendes sag mest det modsatte \u2013 om hendes kroniske psykosomatiske smerter.<\/p>\n<p>Men de f\u00e5 linjer i erkl\u00e6ringerne, der kan tolkes til fordel for kommunens intensive fors\u00f8g p\u00e5 at spare penge ved at nedbringe antallet af f\u00f8rtidspensionister, er dem, Jobcentret klynger sig til.<\/p>\n<p>Hun kan muligvis f\u00e5 det bedre ved fortsat behandling, har en psykolog vurderet, men det foruds\u00e6tter if\u00f8lge samme psykolog, at hun f\u00e5r den \u201dn\u00f8dvendige ro og st\u00f8tte omkring sig, hvilket ogs\u00e5 omfatter arbejdsm\u00e6ssigt og \u00f8konomisk\u201d.<\/p>\n<p>Det er det modsatte, Jobcentret har gjort ved f\u00f8rst at stoppe udbetalingen af sygedagpenge 1. juni og nu ved at afvise hendes \u00f8nske om f\u00f8rtidspension.<br \/>\n\/\/www.svendborgsnetavis.dk\/?p=2576&#8243;<br \/>\n&nbsp;<\/p>\n","protected":false},"excerpt":{"rendered":"<p>Sit livs v\u00e6rste mareridt, I en ul\u00f8selig klemme hos Jobcentret SYGE I KLEMME (8): Tilv\u00e6relsen smuldrer for hende. Det har v\u00e6ret undervejs l\u00e6nge. Men det g\u00e5r st\u00e6rkt nu. Hun er ked af det, bange \u2013 p\u00e5 egne og familiens vegne. Angst for, hvad der skal blive af dem alle sammen. Desperat engang imellem \u2013 \u201djeg [&hellip;]<\/p>\n","protected":false},"author":10,"featured_media":0,"comment_status":"open","ping_status":"closed","sticky":false,"template":"","format":"standard","meta":{"footnotes":""},"categories":[1],"tags":[],"class_list":["post-10546","post","type-post","status-publish","format-standard","hentry","category-df-nyt-dk"],"_links":{"self":[{"href":"https:\/\/df-nyt.dk\/blog\/wp-json\/wp\/v2\/posts\/10546","targetHints":{"allow":["GET"]}}],"collection":[{"href":"https:\/\/df-nyt.dk\/blog\/wp-json\/wp\/v2\/posts"}],"about":[{"href":"https:\/\/df-nyt.dk\/blog\/wp-json\/wp\/v2\/types\/post"}],"author":[{"embeddable":true,"href":"https:\/\/df-nyt.dk\/blog\/wp-json\/wp\/v2\/users\/10"}],"replies":[{"embeddable":true,"href":"https:\/\/df-nyt.dk\/blog\/wp-json\/wp\/v2\/comments?post=10546"}],"version-history":[{"count":2,"href":"https:\/\/df-nyt.dk\/blog\/wp-json\/wp\/v2\/posts\/10546\/revisions"}],"predecessor-version":[{"id":109931,"href":"https:\/\/df-nyt.dk\/blog\/wp-json\/wp\/v2\/posts\/10546\/revisions\/109931"}],"wp:attachment":[{"href":"https:\/\/df-nyt.dk\/blog\/wp-json\/wp\/v2\/media?parent=10546"}],"wp:term":[{"taxonomy":"category","embeddable":true,"href":"https:\/\/df-nyt.dk\/blog\/wp-json\/wp\/v2\/categories?post=10546"},{"taxonomy":"post_tag","embeddable":true,"href":"https:\/\/df-nyt.dk\/blog\/wp-json\/wp\/v2\/tags?post=10546"}],"curies":[{"name":"wp","href":"https:\/\/api.w.org\/{rel}","templated":true}]}}