{"id":10578,"date":"2010-10-12T11:15:16","date_gmt":"2010-10-12T10:15:16","guid":{"rendered":"http:\/\/df-nyt.dk\/?p=10578"},"modified":"2024-11-22T03:52:47","modified_gmt":"2024-11-22T02:52:47","slug":"ekstrabladet-forsvaret-pisser-pa-os","status":"publish","type":"post","link":"https:\/\/df-nyt.dk\/blog\/ekstrabladet-forsvaret-pisser-pa-os\/","title":{"rendered":"Ekstrabladet: Forsvaret pisser p\u00e5 os"},"content":{"rendered":"<p><img loading=\"lazy\" decoding=\"async\" class=\"alignleft \" src=\"https:\/\/df-nyt.dk\/\/wp-content\/uploads\/170120132018.png\" alt=\"170120132018\" width=\"156\" height=\"209\" \/><\/p>\n<p>Afghanistan-veteraner hjem til arbejdsl\u00f8shed,<br \/>\ner underoverskriften p\u00e5 dagens avis<\/p>\n<p>Men forsvaret\u00a0b\u00f8r da ikke sidde alene\u00a0tilbage med &#8216;aben&#8217;.<\/p>\n<p>Mange unge har ganske givet, i deres flugt fra arbejdsl\u00f8shed og\u00a0kontanthj\u00e6lp, valgt at melde sig, og\u00a0tage en uddannelse hos forsvaret.<\/p>\n<p>20 procent af de nyudl\u00e6rte medlemmer fra  <a href=\"https:\/\/df-nyt.dk\/?p=10404\"><span style=\"text-decoration: underline;\">Dansk Metal<\/span><\/a> er arbejdsl\u00f8se.<br \/>\nS\u00e5 det er ikke kun Forsvaret, -men ogs\u00e5 Forsvaret<br \/>\n&nbsp;<br \/>\nReference<br \/>\nNetavisen \/\/e-pages.dk\/ekstrabladet\/33875\/demo\/<br \/>\nHjemmesiden Dansk Metal<br \/>\nUddannelsesavisen<\/p>\n<p>For yderlig l\u00e6sning<\/p>\n<p><a href=\"https:\/\/df-nyt.dk\/?p=10221\" target=\"_blank\" rel=\"noopener noreferrer\"><span style=\"text-decoration: underline;\">Et helt kompagni soldater som deler oplevelsen af at samfundet har glemt dem<\/span><\/a><br \/>\n&nbsp;<br \/>\n<a href=\"https:\/\/df-nyt.dk\/?p=8382\/\" target=\"_blank\" rel=\"noopener noreferrer\"><span style=\"text-decoration: underline;\">Hjem fra krigen i Afghanistan og i F\u00e6ngsel<\/span><\/a><br \/>\n&nbsp;<br \/>\n<a href=\"https:\/\/df-nyt.dk\/?p=10416\/\" target=\"_blank\" rel=\"noopener noreferrer\"><span style=\"text-decoration: underline;\">Det var helvede p\u00e5 jord<\/span><\/a><br \/>\n&nbsp;<br \/>\n<a href=\"https:\/\/df-nyt.dk\/forsvaret-vil-flere-piger-tr%c3%b8jen\/\" target=\"_blank\" rel=\"noopener noreferrer\"><span style=\"text-decoration: underline;\">Forsvaret vil have flere piger i tr\u00f8jen<\/span><\/a><br \/>\n&nbsp;<br \/>\n<img loading=\"lazy\" decoding=\"async\" class=\"alignnone \" src=\"https:\/\/df-nyt.dk\/wp-content\/uploads\/3107201023011.png\" alt=\"\" width=\"296\" height=\"234\" \/><\/p>\n","protected":false},"excerpt":{"rendered":"<p>Afghanistan-veteraner hjem til arbejdsl\u00f8shed, er underoverskriften p\u00e5 dagens avis Men forsvaret\u00a0b\u00f8r da ikke sidde alene\u00a0tilbage med &#8216;aben&#8217;. Mange unge har ganske givet, i deres flugt fra arbejdsl\u00f8shed og\u00a0kontanthj\u00e6lp, valgt at melde sig, og\u00a0tage en uddannelse hos forsvaret. 20 procent af de nyudl\u00e6rte medlemmer fra Dansk Metal er arbejdsl\u00f8se. S\u00e5 det er ikke kun Forsvaret, -men [&hellip;]<\/p>\n","protected":false},"author":10,"featured_media":0,"comment_status":"open","ping_status":"closed","sticky":false,"template":"","format":"standard","meta":{"footnotes":""},"categories":[1],"tags":[],"class_list":["post-10578","post","type-post","status-publish","format-standard","hentry","category-df-nyt-dk"],"_links":{"self":[{"href":"https:\/\/df-nyt.dk\/blog\/wp-json\/wp\/v2\/posts\/10578","targetHints":{"allow":["GET"]}}],"collection":[{"href":"https:\/\/df-nyt.dk\/blog\/wp-json\/wp\/v2\/posts"}],"about":[{"href":"https:\/\/df-nyt.dk\/blog\/wp-json\/wp\/v2\/types\/post"}],"author":[{"embeddable":true,"href":"https:\/\/df-nyt.dk\/blog\/wp-json\/wp\/v2\/users\/10"}],"replies":[{"embeddable":true,"href":"https:\/\/df-nyt.dk\/blog\/wp-json\/wp\/v2\/comments?post=10578"}],"version-history":[{"count":3,"href":"https:\/\/df-nyt.dk\/blog\/wp-json\/wp\/v2\/posts\/10578\/revisions"}],"predecessor-version":[{"id":106958,"href":"https:\/\/df-nyt.dk\/blog\/wp-json\/wp\/v2\/posts\/10578\/revisions\/106958"}],"wp:attachment":[{"href":"https:\/\/df-nyt.dk\/blog\/wp-json\/wp\/v2\/media?parent=10578"}],"wp:term":[{"taxonomy":"category","embeddable":true,"href":"https:\/\/df-nyt.dk\/blog\/wp-json\/wp\/v2\/categories?post=10578"},{"taxonomy":"post_tag","embeddable":true,"href":"https:\/\/df-nyt.dk\/blog\/wp-json\/wp\/v2\/tags?post=10578"}],"curies":[{"name":"wp","href":"https:\/\/api.w.org\/{rel}","templated":true}]}}