{"id":10627,"date":"2010-10-12T19:13:37","date_gmt":"2010-10-12T18:13:37","guid":{"rendered":"http:\/\/df-nyt.dk\/?p=10627"},"modified":"2024-10-11T06:55:24","modified_gmt":"2024-10-11T04:55:24","slug":"nemid-kritisk-lup-folketinget","status":"publish","type":"post","link":"https:\/\/df-nyt.dk\/blog\/nemid-kritisk-lup-folketinget\/","title":{"rendered":"NemID under kritisk lup i folketinget"},"content":{"rendered":"<p><img loading=\"lazy\" decoding=\"async\" src=\"https:\/\/df-nyt.dk\/wp-content\/uploads\/190420130758.png\" alt=\"\" width=\"280\" height=\"223\" class=\"alignleft size-full \" \/><br \/>\nDagens \u00e5bne samr\u00e5d i folketingets videnskabsudvalg om NemID var indkaldt af SF, bl.a. p\u00e5 baggrund af de meget store frustrationer og bekymringer som er kommet til udtryk fra flere handicaporganisationer og \u00c6ldresagen, som SF ogs\u00e5 deler, oplyser SFs it-ordf\u00f8rer Hanne Agersnap. Skriver SF i sin pressemeddelelse<\/p>\n<p>\u2013og fors\u00e6tter<br \/>\nDet kan godt v\u00e6re, at videnskabsminister Charlotte Sahl-Madsen, mener, der er fuldst\u00e6ndig styr p\u00e5 hele NemID-projektet, b\u00e5de hvad ang\u00e5r tests af systemet for udvalgte brugere, som vi ved, vil have sv\u00e6rt ved at bruge NemID, bl.a. \u00e6ldre, personer med f\u00e5 eller slet ingen it-f\u00e6rdigheder, og blinde.<\/p>\n<p>Men, der er jo ogs\u00e5 flere andre handicapgrupper, som vil f\u00e5 vanskeligt ved at bruge NemID, forts\u00e6tter Hanne Agersnap.<\/p>\n<p>Selvom ministeren kunne forsikre, at der var meget gode relationer b\u00e5de til handicaporganisationerne og \u00c6ldresagen, som man l\u00f8bende er i kontakt med, s\u00e5 er det vist n\u00e6rmere af nyere dato, at man er begyndt at interessere sig i den retning.<\/p>\n<p>De l\u00f8sninger der derfor f\u00f8rst nu kommer p\u00e5 bordet, m\u00e5 vi have fremmet, s\u00e5 borgere der ikke kan bruge papkortet, f\u00e5r en elektronisk n\u00f8gle.<\/p>\n<p>Derfor vil jeg fortsat holde et \u00e5bent \u00f8je med hele processen, for vi ved jo, at der har v\u00e6ret sikkerhedshuller b\u00e5de i den nye og i den gamle digitale signatur, og vi er alts\u00e5 n\u00f8dt til som politikere at tage hele denne store gruppe af borgeres bekymringer alvorligt, som f\u00f8ler sig utrygge ved NemID.<\/p>\n<p>Endelig skal vi ogs\u00e5 have fokus p\u00e5, at Danmark lever op til FNs handicapkonvention i forhold til NemID.<\/p>\n<p>Vi er enige i, at NemID er fremtiden, men, det er vigtigt for SF, at alle skal kunne v\u00e6re med i det nye digitale forj\u00e6ttede Danmark, slutter Hanne Agersnap.<\/p>\n<p>For yderlig l\u00e6sning<\/p>\n<p><a href=\"https:\/\/sf.dk\/nyheder\/\" rel=\"noopener noreferrer\" target=\"_blank\"><span style=\"text-decoration: underline\">Seneste nyt fra SF<\/span><\/a><br \/>\n&nbsp;<\/p>\n","protected":false},"excerpt":{"rendered":"<p>Dagens \u00e5bne samr\u00e5d i folketingets videnskabsudvalg om NemID var indkaldt af SF, bl.a. p\u00e5 baggrund af de meget store frustrationer og bekymringer som er kommet til udtryk fra flere handicaporganisationer og \u00c6ldresagen, som SF ogs\u00e5 deler, oplyser SFs it-ordf\u00f8rer Hanne Agersnap. Skriver SF i sin pressemeddelelse \u2013og fors\u00e6tter Det kan godt v\u00e6re, at videnskabsminister Charlotte [&hellip;]<\/p>\n","protected":false},"author":10,"featured_media":0,"comment_status":"open","ping_status":"closed","sticky":false,"template":"","format":"standard","meta":{"footnotes":""},"categories":[1],"tags":[],"class_list":["post-10627","post","type-post","status-publish","format-standard","hentry","category-df-nyt-dk"],"_links":{"self":[{"href":"https:\/\/df-nyt.dk\/blog\/wp-json\/wp\/v2\/posts\/10627","targetHints":{"allow":["GET"]}}],"collection":[{"href":"https:\/\/df-nyt.dk\/blog\/wp-json\/wp\/v2\/posts"}],"about":[{"href":"https:\/\/df-nyt.dk\/blog\/wp-json\/wp\/v2\/types\/post"}],"author":[{"embeddable":true,"href":"https:\/\/df-nyt.dk\/blog\/wp-json\/wp\/v2\/users\/10"}],"replies":[{"embeddable":true,"href":"https:\/\/df-nyt.dk\/blog\/wp-json\/wp\/v2\/comments?post=10627"}],"version-history":[{"count":1,"href":"https:\/\/df-nyt.dk\/blog\/wp-json\/wp\/v2\/posts\/10627\/revisions"}],"predecessor-version":[{"id":105382,"href":"https:\/\/df-nyt.dk\/blog\/wp-json\/wp\/v2\/posts\/10627\/revisions\/105382"}],"wp:attachment":[{"href":"https:\/\/df-nyt.dk\/blog\/wp-json\/wp\/v2\/media?parent=10627"}],"wp:term":[{"taxonomy":"category","embeddable":true,"href":"https:\/\/df-nyt.dk\/blog\/wp-json\/wp\/v2\/categories?post=10627"},{"taxonomy":"post_tag","embeddable":true,"href":"https:\/\/df-nyt.dk\/blog\/wp-json\/wp\/v2\/tags?post=10627"}],"curies":[{"name":"wp","href":"https:\/\/api.w.org\/{rel}","templated":true}]}}