{"id":10678,"date":"2010-10-13T09:11:22","date_gmt":"2010-10-13T08:11:22","guid":{"rendered":"http:\/\/df-nyt.dk\/?p=10678"},"modified":"2026-01-06T05:24:53","modified_gmt":"2026-01-06T04:24:53","slug":"sf-sikrer-bedre-badevandskvalitet","status":"publish","type":"post","link":"https:\/\/df-nyt.dk\/blog\/sf-sikrer-bedre-badevandskvalitet\/","title":{"rendered":"SF sikrer bedre badevandskvalitet"},"content":{"rendered":"<p><img loading=\"lazy\" decoding=\"async\" class=\"wp-image-10679 size-full alignleft\" title=\"131020101004\" src=\"https:\/\/df-nyt.dk\/blog\/wp-content\/uploads\/131020101004.png\" width=\"280\" height=\"224\" \/><\/p>\n<p>P\u00e5 et samr\u00e5d i Folketingets milj\u00f8udvalg i dag har milj\u00f8ministeren tilkendegivet at regeringen nu vil v\u00e6re med til at s\u00e6nke gr\u00e6nsev\u00e6rdierne for klor i sv\u00f8mmebade, og at der b\u00e5de skal g\u00f8res en indsats overfor nye og eksisterende bade. Skriver SF i sin pressemeddelelse <\/p>\n<p>&#8211;\u00a0Og forts\u00e6tter med f\u00f8lgende.<br \/>\nDet sker efter stort pres fra SF\u2019s Pia Olsen Dyhr der havde indkaldt samr\u00e5det.<\/p>\n<p>\u201dN\u00e5r ministeren, med sine nye tilkendegivelser om at s\u00e6nke gr\u00e6nsev\u00e6rdierne, erkender at det nuv\u00e6rende klorindhold er for h\u00f8jt, hvilket kommer alle sv\u00f8mmebadsbrugere til gode, l\u00f8fter jeg naturligvis den ene arm over hovedet, men jeg vil gerne have den anden med og det kr\u00e6ver at det \u00f8vre v\u00e6rdiloft s\u00e6nkes, s\u00e5 vi ogs\u00e5 f\u00e5r de eksisterende sv\u00f8mmebade til at s\u00e6nke klorniveauet\u201d siger SF forbrugerordf\u00f8rer Pia Olsen Dyhr og tilf\u00f8jer<\/p>\n<p>\u201dJeg er yderst tilfreds med at ministeren b\u00e5de vil v\u00e6re med til at g\u00f8re gode sv\u00f8mmebade bedre, men ogs\u00e5 tvinge de sv\u00f8mmebade der udnytter gr\u00e6nsev\u00e6rdiloftet til fulde til at blive bedre. Det er afg\u00f8rende at der l\u00e6gges mere pres p\u00e5, s\u00e5dan at alle sv\u00f8mmebade s\u00e6nker deres klorindhold i badevandet.<\/p>\n<p>Nu m\u00e5 vi se bekendtg\u00f8relsen n\u00e5r den kommer, men jeg kan have mine bekymringer for v\u00e6rdiloftet, som gerne skulle s\u00e6nkes\u201d<\/p>\n<p>\u201dVi har snakket om dette i 10 \u00e5r og endelig sker der noget. Malurten i b\u00e6geret er at ministeren ikke giver en klar melding p\u00e5, hvordan hun vil sikre at banebrydende teknologi, som f.eks. den membranteknologi der benyttes p\u00e5 Bernstoffminde efterskole, gives mulighed for at blive afpr\u00f8vet.<\/p>\n<p>Da hun ikke vil indskrive en dispensationsordning i bekendtg\u00f8relsen, vil jeg gerne have klart svar p\u00e5, hvordan hun s\u00e5 vil sikre at dette potentielle eksporteventyr for luft under vingerne.<\/p>\n<p>Det har jeg bedt ministeren om at give sit bud p\u00e5 i en skriftlig besvarelse\u201d afslutter Pia Olsen Dyhr if\u00f8lge pressemeddelelsen fra SF.<\/p>\n","protected":false},"excerpt":{"rendered":"<p>P\u00e5 et samr\u00e5d i Folketingets milj\u00f8udvalg i dag har milj\u00f8ministeren tilkendegivet at regeringen nu vil v\u00e6re med til at s\u00e6nke gr\u00e6nsev\u00e6rdierne for klor i sv\u00f8mmebade, og at der b\u00e5de skal g\u00f8res en indsats overfor nye og eksisterende bade. Skriver SF i sin pressemeddelelse &#8211;\u00a0Og forts\u00e6tter med f\u00f8lgende. Det sker efter stort pres fra SF\u2019s Pia [&hellip;]<\/p>\n","protected":false},"author":10,"featured_media":0,"comment_status":"open","ping_status":"closed","sticky":false,"template":"","format":"standard","meta":{"footnotes":""},"categories":[1],"tags":[],"class_list":["post-10678","post","type-post","status-publish","format-standard","hentry","category-df-nyt-dk"],"_links":{"self":[{"href":"https:\/\/df-nyt.dk\/blog\/wp-json\/wp\/v2\/posts\/10678","targetHints":{"allow":["GET"]}}],"collection":[{"href":"https:\/\/df-nyt.dk\/blog\/wp-json\/wp\/v2\/posts"}],"about":[{"href":"https:\/\/df-nyt.dk\/blog\/wp-json\/wp\/v2\/types\/post"}],"author":[{"embeddable":true,"href":"https:\/\/df-nyt.dk\/blog\/wp-json\/wp\/v2\/users\/10"}],"replies":[{"embeddable":true,"href":"https:\/\/df-nyt.dk\/blog\/wp-json\/wp\/v2\/comments?post=10678"}],"version-history":[{"count":3,"href":"https:\/\/df-nyt.dk\/blog\/wp-json\/wp\/v2\/posts\/10678\/revisions"}],"predecessor-version":[{"id":110834,"href":"https:\/\/df-nyt.dk\/blog\/wp-json\/wp\/v2\/posts\/10678\/revisions\/110834"}],"wp:attachment":[{"href":"https:\/\/df-nyt.dk\/blog\/wp-json\/wp\/v2\/media?parent=10678"}],"wp:term":[{"taxonomy":"category","embeddable":true,"href":"https:\/\/df-nyt.dk\/blog\/wp-json\/wp\/v2\/categories?post=10678"},{"taxonomy":"post_tag","embeddable":true,"href":"https:\/\/df-nyt.dk\/blog\/wp-json\/wp\/v2\/tags?post=10678"}],"curies":[{"name":"wp","href":"https:\/\/api.w.org\/{rel}","templated":true}]}}