{"id":10681,"date":"2010-10-13T09:21:00","date_gmt":"2010-10-13T08:21:00","guid":{"rendered":"http:\/\/df-nyt.dk\/?p=10681"},"modified":"2024-10-16T19:09:26","modified_gmt":"2024-10-16T17:09:26","slug":"stop-oversendelserne-til-gr%c3%a6kenland-inden-domstolen-g%c3%b8r-det","status":"publish","type":"post","link":"https:\/\/df-nyt.dk\/blog\/stop-oversendelserne-til-gr%c3%a6kenland-inden-domstolen-g%c3%b8r-det\/","title":{"rendered":"Stop oversendelserne til Gr\u00e6kenland inden domstolen g\u00f8r det"},"content":{"rendered":"<p><img loading=\"lazy\" decoding=\"async\" class=\"alignleft size-full \" alt=\"131020101015\" src=\"https:\/\/df-nyt.dk\/\/wp-content\/uploads\/131020101015.png\" width=\"277\" height=\"218\" \/><\/p>\n<p>Stop oversendelserne til Gr\u00e6kenland inden domstolen g\u00f8r det, Skriver SF i sin pressemeddelelse <\/p>\n<p>-Og forts\u00e6tter<br \/>\nSF&#8217;s Astrid Krag ser med bekymring p\u00e5, at Den Europ\u00e6iske Menneskerettighedsdomstol er n\u00f8dt til at stoppe oversendelser af asylans\u00f8gere til Gr\u00e6kenland.<\/p>\n<p>Senest har domstolen grebet ind i 56 sager<\/p>\n<p>-Vi ved, at forholdene i Gr\u00e6kenland er groteske. <\/p>\n<p>Regeringen har ogs\u00e5 anerkendt det og tidligere kr\u00e6vet garantier fra Gr\u00e6kenland for at lave oversendelserne.<\/p>\n<p>Selvom forholdene ikke er blevet bedre, s\u00e5 er regeringen stoppet med det. Og nu ser vi resultatet &#8211; menneskerettighedsdomstolen griber gang p\u00e5 gang ind for at stoppe udsendelserne.<\/p>\n<p>Oversendelserne sker, fordi asylans\u00f8gere jf. Dublinforordningen skal have behandlet deres ans\u00f8gning i det f\u00f8rste land, de kommer til.<\/p>\n<p>&#8220;Foruds\u00e6tningen for at Dublinforordningen virker er, at landene har en god og reel behandling af asylans\u00f8gerne og deres sager.<\/p>\n<p>Gr\u00e6kenland optr\u00e6der som en asylretslig U-land, der underminerer asylsystemerne i Europa.<\/p>\n<p>Jeg h\u00e5ber regeringen vil l\u00e6gge maksimalt pres p\u00e5 Gr\u00e6kenland igennem EU for at rette op p\u00e5 forholdene.<\/p>\n<p>Indtil da m\u00e5 regeringen ogs\u00e5 erkende, at domstolen gang p\u00e5 gang vil afvise oversendelser og med god grund.<\/p>\n<p>Der er behov for, at regeringen anerkender, at det hverken er menneskeligt eller juridisk gangbart at oversende asylans\u00f8gere til Gr\u00e6kenland, Siger\u00a0Astrid Krag, if\u00f8lge pressemeddelelsen fra SF.<\/p>\n<p>For yderlig l\u00e6sning.<\/p>\n<p><a href=\"http:\/\/sf.dk\/\" target=\"_blank\" rel=\"noopener noreferrer\"><u>Seneste nyt fra SF her<\/u><\/a><br \/>\n&nbsp;<br \/>\n<a href=\"http:\/\/greens-efa.eu\/\" target=\"_blank\" rel=\"noopener noreferrer\"><u>Se den Gr\u00f8nne gruppe i parlamentet her<\/u><\/a><\/p>\n","protected":false},"excerpt":{"rendered":"<p>Stop oversendelserne til Gr\u00e6kenland inden domstolen g\u00f8r det, Skriver SF i sin pressemeddelelse -Og forts\u00e6tter SF&#8217;s Astrid Krag ser med bekymring p\u00e5, at Den Europ\u00e6iske Menneskerettighedsdomstol er n\u00f8dt til at stoppe oversendelser af asylans\u00f8gere til Gr\u00e6kenland. Senest har domstolen grebet ind i 56 sager -Vi ved, at forholdene i Gr\u00e6kenland er groteske. Regeringen har ogs\u00e5 [&hellip;]<\/p>\n","protected":false},"author":10,"featured_media":0,"comment_status":"open","ping_status":"closed","sticky":false,"template":"","format":"standard","meta":{"footnotes":""},"categories":[1],"tags":[],"class_list":["post-10681","post","type-post","status-publish","format-standard","hentry","category-df-nyt-dk"],"_links":{"self":[{"href":"https:\/\/df-nyt.dk\/blog\/wp-json\/wp\/v2\/posts\/10681","targetHints":{"allow":["GET"]}}],"collection":[{"href":"https:\/\/df-nyt.dk\/blog\/wp-json\/wp\/v2\/posts"}],"about":[{"href":"https:\/\/df-nyt.dk\/blog\/wp-json\/wp\/v2\/types\/post"}],"author":[{"embeddable":true,"href":"https:\/\/df-nyt.dk\/blog\/wp-json\/wp\/v2\/users\/10"}],"replies":[{"embeddable":true,"href":"https:\/\/df-nyt.dk\/blog\/wp-json\/wp\/v2\/comments?post=10681"}],"version-history":[{"count":2,"href":"https:\/\/df-nyt.dk\/blog\/wp-json\/wp\/v2\/posts\/10681\/revisions"}],"predecessor-version":[{"id":105688,"href":"https:\/\/df-nyt.dk\/blog\/wp-json\/wp\/v2\/posts\/10681\/revisions\/105688"}],"wp:attachment":[{"href":"https:\/\/df-nyt.dk\/blog\/wp-json\/wp\/v2\/media?parent=10681"}],"wp:term":[{"taxonomy":"category","embeddable":true,"href":"https:\/\/df-nyt.dk\/blog\/wp-json\/wp\/v2\/categories?post=10681"},{"taxonomy":"post_tag","embeddable":true,"href":"https:\/\/df-nyt.dk\/blog\/wp-json\/wp\/v2\/tags?post=10681"}],"curies":[{"name":"wp","href":"https:\/\/api.w.org\/{rel}","templated":true}]}}