{"id":10685,"date":"2010-10-13T10:01:13","date_gmt":"2010-10-13T09:01:13","guid":{"rendered":"http:\/\/df-nyt.dk\/?p=10685"},"modified":"2026-05-25T16:24:00","modified_gmt":"2026-05-25T14:24:00","slug":"kulturnat-hos-radikale-venstre-pa-borgen","status":"publish","type":"post","link":"https:\/\/df-nyt.dk\/blog\/kulturnat-hos-radikale-venstre-pa-borgen\/","title":{"rendered":"Kulturnat hos Det Radikale Venstre p\u00e5 Borgen"},"content":{"rendered":"<p>Radikale Venstre p\u00e5 Christiansborg inviterer indenfor, n\u00e5r Folketinget fredag den 15. oktober er med i den k\u00f8benhavnske kulturnat.<\/p>\n<p>Skriver de radikale i sin pressemeddelelse <\/p>\n<p>&#8211; Og forts\u00e6tter med f\u00f8lgende.<br \/>\nDu kan hilse p\u00e5 gruppeformand Margrethe Vestager og resten af folketingsgruppen, spille et spil om Danmarks \u00f8konomi og indstille din yndlingsl\u00e6rer til en pris.<\/p>\n<p>Fredag den 15. oktober fra klokken 18:00 til midnat er der Kulturnat i K\u00f8benhavn, og ogs\u00e5 hos Radikale Venstre p\u00e5 Christiansborg bliver der budt indenfor.<\/p>\n<p>I lokale 1-117 hos Radikale Venstre s\u00e6tter vi under sloganet &#8220;Tag ansvar&#8221; fokus p\u00e5 tre emner, nemlig \u00d8konomi, Udl\u00e6ndinge og Uddannelse.<\/p>\n<p>Hvordan vil du finde pengene, lyder udfordringen for eksempel, n\u00e5r Radikale Venstre byder p\u00e5 &#8220;Velf\u00e6rdsspil&#8221;.<\/p>\n<p>Velf\u00e6rdsspillet best\u00e5r af en spilleplade med en skattekiste, hvor der er afm\u00e6rket seks huller \u00e1 fem milliarder kroner.<\/p>\n<p>Det er spillernes opgave at redde \u00f8konomien ved at udv\u00e6lge seks brikker blandt et bredt udsnit af de forslag, som forskellige partier har fremsat.<\/p>\n<p>Du kan ogs\u00e5 indstille en l\u00e6rer, som har gjort en forskel.<\/p>\n<p>De seneste \u00e5r har debatten om den danske folkeskole hovedsageligt handlet om mere kontrol.<\/p>\n<p>Radikale tror ogs\u00e5 p\u00e5 l\u00e6rerne og \u00f8nsker at sprede mere af det, som fungerer godt, og som ikke bliver fanget i e t skema eller en test.<\/p>\n<p>Efter Kulturnatten udv\u00e6lges den mest gribende fort\u00e6lling, og l\u00e6reren som historien handler om, vil blive h\u00e6dret.<\/p>\n<p>Radikale Venstre gl\u00e6der sig til at se dig til Kulturnat 2010 p\u00e5 Christiansborg fredag den 15. oktober fra klokken 18.00 til 24.00.<\/p>\n<p>Skriver Det Radikale Venstre i sin pressemeddelse.<\/p>\n<p>Du kan l\u00e6se mere fra \u00a0Det Radikale Venstre<a href=\"http:\/\/radikale.dk\/\" target=\"_blank\" rel=\"noopener noreferrer\"> HER<\/a><\/p>\n<p>*******************************************************<\/p>\n","protected":false},"excerpt":{"rendered":"<p>Radikale Venstre p\u00e5 Christiansborg inviterer indenfor, n\u00e5r Folketinget fredag den 15. oktober er med i den k\u00f8benhavnske kulturnat. Skriver de radikale i sin pressemeddelelse &#8211; Og forts\u00e6tter med f\u00f8lgende. Du kan hilse p\u00e5 gruppeformand Margrethe Vestager og resten af folketingsgruppen, spille et spil om Danmarks \u00f8konomi og indstille din yndlingsl\u00e6rer til en pris. Fredag den [&hellip;]<\/p>\n","protected":false},"author":10,"featured_media":0,"comment_status":"open","ping_status":"closed","sticky":false,"template":"","format":"standard","meta":{"footnotes":""},"categories":[1],"tags":[],"class_list":["post-10685","post","type-post","status-publish","format-standard","hentry","category-df-nyt-dk"],"_links":{"self":[{"href":"https:\/\/df-nyt.dk\/blog\/wp-json\/wp\/v2\/posts\/10685","targetHints":{"allow":["GET"]}}],"collection":[{"href":"https:\/\/df-nyt.dk\/blog\/wp-json\/wp\/v2\/posts"}],"about":[{"href":"https:\/\/df-nyt.dk\/blog\/wp-json\/wp\/v2\/types\/post"}],"author":[{"embeddable":true,"href":"https:\/\/df-nyt.dk\/blog\/wp-json\/wp\/v2\/users\/10"}],"replies":[{"embeddable":true,"href":"https:\/\/df-nyt.dk\/blog\/wp-json\/wp\/v2\/comments?post=10685"}],"version-history":[{"count":1,"href":"https:\/\/df-nyt.dk\/blog\/wp-json\/wp\/v2\/posts\/10685\/revisions"}],"predecessor-version":[{"id":112010,"href":"https:\/\/df-nyt.dk\/blog\/wp-json\/wp\/v2\/posts\/10685\/revisions\/112010"}],"wp:attachment":[{"href":"https:\/\/df-nyt.dk\/blog\/wp-json\/wp\/v2\/media?parent=10685"}],"wp:term":[{"taxonomy":"category","embeddable":true,"href":"https:\/\/df-nyt.dk\/blog\/wp-json\/wp\/v2\/categories?post=10685"},{"taxonomy":"post_tag","embeddable":true,"href":"https:\/\/df-nyt.dk\/blog\/wp-json\/wp\/v2\/tags?post=10685"}],"curies":[{"name":"wp","href":"https:\/\/api.w.org\/{rel}","templated":true}]}}