{"id":10690,"date":"2010-10-13T11:35:28","date_gmt":"2010-10-13T10:35:28","guid":{"rendered":"http:\/\/df-nyt.dk\/?p=10690"},"modified":"2024-11-02T07:29:51","modified_gmt":"2024-11-02T06:29:51","slug":"hjemvendte-soldater-skal-udstyres-med-betleri-kort","status":"publish","type":"post","link":"https:\/\/df-nyt.dk\/blog\/hjemvendte-soldater-skal-udstyres-med-betleri-kort\/","title":{"rendered":"Hjemvendte soldater skal udstyres med et betleri-kort &#8230;"},"content":{"rendered":"<p>Hjemvendte soldater skal udstyres med et betleri-kort &#8211; som de kan fremvise n\u00e5r de k\u00f8ber ind, f.eks. i det lokale supermarked.<\/p>\n<p>Man kalder det for et veterankort, men funktionen er den samme.<\/p>\n<p>T\u00e6nk engang!<br \/>\nForestiller Dansk Folkeparti og VK-regeringssamarbejdet sig virkelig, at de hjemvendte soldater skal stille sig op med kortet i h\u00e5nden, &#8211; og med bedende v\u00e5de hundehvalpe-\u00f8jne, sp\u00f8rger ind til om de kan f\u00e5 lidt rabat i dag?<\/p>\n<p><img loading=\"lazy\" decoding=\"async\" class=\"alignleft  \" src=\"https:\/\/df-nyt.dk\/\/wp-content\/uploads\/210120130622.png\" alt=\"210120130622\" width=\"121\" height=\"128\" \/>De hjemvendte danske soldater skal fremover udstyres med et s\u00e5kaldt veterankort.<\/p>\n<p>Kortet bliver udleveret som et personligt bevis p\u00e5, at man har gjort tjeneste p\u00e5 internationale missioner.<\/p>\n<p>Hensigten er, at bl.a. at private erhvervsdrivende opfordres til at yde rabat til veteranerne, n\u00e5r de fremviser veterankortet.<\/p>\n<p>Det fremg\u00e5r af regeringens veteranudspil, som forsvarsminister Gitte Lillelund Bech (V), indenrigs- og sundhedsminister Bertel Haarder (V) og socialminister Benedikte Ki\u00e6r (K) vil pr\u00e6sentere i dag, erfarer jp.dk<\/p>\n<p>Reference<br \/>\nHjemmesiden \/\/jp.dk\/indland\/indland_politik\/article2213052.<\/p>\n<p>For yderlig l\u00e6sning.<\/p>\n<p><a href=\"https:\/\/df-nyt.dk\/?p=10578\" target=\"_blank\" rel=\"noopener noreferrer\"><span style=\"text-decoration: underline;\">Ekstrabladet: Forsvaret pisser p\u00e5 os <\/span><\/a><br \/>\n&nbsp;<br \/>\n<a href=\"https:\/\/df-nyt.dk\/?p=9680\" target=\"_blank\" rel=\"noopener noreferrer\"><span style=\"text-decoration: underline;\">Danske soldater har det af helvede til<\/span><\/a><br \/>\n&nbsp;<br \/>\n<a href=\"https:\/\/df-nyt.dk\/?p=10221\" target=\"_blank\" rel=\"noopener noreferrer\"><span style=\"text-decoration: underline;\">Et helt kompagni soldater som deler oplevelsen af at samfundet har glemt dem<\/span><\/a><\/p>\n","protected":false},"excerpt":{"rendered":"<p>Hjemvendte soldater skal udstyres med et betleri-kort &#8211; som de kan fremvise n\u00e5r de k\u00f8ber ind, f.eks. i det lokale supermarked. Man kalder det for et veterankort, men funktionen er den samme. T\u00e6nk engang! Forestiller Dansk Folkeparti og VK-regeringssamarbejdet sig virkelig, at de hjemvendte soldater skal stille sig op med kortet i h\u00e5nden, &#8211; og [&hellip;]<\/p>\n","protected":false},"author":10,"featured_media":0,"comment_status":"open","ping_status":"closed","sticky":false,"template":"","format":"standard","meta":{"footnotes":""},"categories":[1],"tags":[],"class_list":["post-10690","post","type-post","status-publish","format-standard","hentry","category-df-nyt-dk"],"_links":{"self":[{"href":"https:\/\/df-nyt.dk\/blog\/wp-json\/wp\/v2\/posts\/10690","targetHints":{"allow":["GET"]}}],"collection":[{"href":"https:\/\/df-nyt.dk\/blog\/wp-json\/wp\/v2\/posts"}],"about":[{"href":"https:\/\/df-nyt.dk\/blog\/wp-json\/wp\/v2\/types\/post"}],"author":[{"embeddable":true,"href":"https:\/\/df-nyt.dk\/blog\/wp-json\/wp\/v2\/users\/10"}],"replies":[{"embeddable":true,"href":"https:\/\/df-nyt.dk\/blog\/wp-json\/wp\/v2\/comments?post=10690"}],"version-history":[{"count":2,"href":"https:\/\/df-nyt.dk\/blog\/wp-json\/wp\/v2\/posts\/10690\/revisions"}],"predecessor-version":[{"id":106367,"href":"https:\/\/df-nyt.dk\/blog\/wp-json\/wp\/v2\/posts\/10690\/revisions\/106367"}],"wp:attachment":[{"href":"https:\/\/df-nyt.dk\/blog\/wp-json\/wp\/v2\/media?parent=10690"}],"wp:term":[{"taxonomy":"category","embeddable":true,"href":"https:\/\/df-nyt.dk\/blog\/wp-json\/wp\/v2\/categories?post=10690"},{"taxonomy":"post_tag","embeddable":true,"href":"https:\/\/df-nyt.dk\/blog\/wp-json\/wp\/v2\/tags?post=10690"}],"curies":[{"name":"wp","href":"https:\/\/api.w.org\/{rel}","templated":true}]}}