{"id":10700,"date":"2010-10-13T15:31:26","date_gmt":"2010-10-13T14:31:26","guid":{"rendered":"http:\/\/df-nyt.dk\/?p=10700"},"modified":"2024-11-12T20:17:50","modified_gmt":"2024-11-12T19:17:50","slug":"r-bertels-sundhedsforsikringer-vil-diskriminere-pensionister-og-arbejdsl%c3%b8se","status":"publish","type":"post","link":"https:\/\/df-nyt.dk\/blog\/r-bertels-sundhedsforsikringer-vil-diskriminere-pensionister-og-arbejdsl%c3%b8se\/","title":{"rendered":"R: Bertels sundhedsforsikringer vil diskriminere pensionister og arbejdsl\u00f8se"},"content":{"rendered":"<p><img loading=\"lazy\" decoding=\"async\" class=\"alignleft size-full\" title=\"210720101351\" src=\"https:\/\/df-nyt.dk\/blog\/wp-content\/uploads\/210720101351.png\" alt=\"\" width=\"150\" height=\"150\" \/><\/p>\n<p>Regeringen har skabt et dyrt og bureaukratisk sundhedssystem, som diskriminerer folk, der ikke har en sundhedsforsikring.<\/p>\n<p>Det er helt absurd, og m\u00e5 h\u00f8re op nu, mener Radikale Venstres sundhedsordf\u00f8rer, Lone Dybkj\u00e6r, der efterlyser \u00e6rlig snak fra Bertel Haarder.<\/p>\n<p>&#8220;Hvis sundhedsministeren vil have en ordning, som betyder, at man diskriminerer pensionister og arbejdsl\u00f8se, skal han sige det direkte og ikke sylte det ind i et sp\u00f8rgsm\u00e5l om forsikringer.<\/p>\n<p>S\u00e5 kunne vi tage en diskussion om det.<br \/>\nDet er ikke den radikale vej &#8211; men det er helt \u00e5benbart regeringens,&#8221; siger Lone Dybkj\u00e6r.<\/p>\n<p>&#8220;Radikale Venstre mener, at alle skal have er en udredningsgaranti hos det offentlige sygehusv\u00e6sen, s\u00e5 man hurtigt kan f\u00e5 at vide, hvad man fejler og derefter komme i behandling,&#8221; siger Lone Dybkj\u00e6r. If\u00f8lge en pressemeddelelse fra Det Radikale Venstre.<\/p>\n<p>L\u00e6s mere fra Det Radikale Venstre <a href=\"http:\/\/tagansvar.radikale.dk\/\">HER <\/a><\/p>\n","protected":false},"excerpt":{"rendered":"<p>Regeringen har skabt et dyrt og bureaukratisk sundhedssystem, som diskriminerer folk, der ikke har en sundhedsforsikring. Det er helt absurd, og m\u00e5 h\u00f8re op nu, mener Radikale Venstres sundhedsordf\u00f8rer, Lone Dybkj\u00e6r, der efterlyser \u00e6rlig snak fra Bertel Haarder. &#8220;Hvis sundhedsministeren vil have en ordning, som betyder, at man diskriminerer pensionister og arbejdsl\u00f8se, skal han sige [&hellip;]<\/p>\n","protected":false},"author":10,"featured_media":0,"comment_status":"open","ping_status":"closed","sticky":false,"template":"","format":"standard","meta":{"footnotes":""},"categories":[1],"tags":[],"class_list":["post-10700","post","type-post","status-publish","format-standard","hentry","category-df-nyt-dk"],"_links":{"self":[{"href":"https:\/\/df-nyt.dk\/blog\/wp-json\/wp\/v2\/posts\/10700","targetHints":{"allow":["GET"]}}],"collection":[{"href":"https:\/\/df-nyt.dk\/blog\/wp-json\/wp\/v2\/posts"}],"about":[{"href":"https:\/\/df-nyt.dk\/blog\/wp-json\/wp\/v2\/types\/post"}],"author":[{"embeddable":true,"href":"https:\/\/df-nyt.dk\/blog\/wp-json\/wp\/v2\/users\/10"}],"replies":[{"embeddable":true,"href":"https:\/\/df-nyt.dk\/blog\/wp-json\/wp\/v2\/comments?post=10700"}],"version-history":[{"count":4,"href":"https:\/\/df-nyt.dk\/blog\/wp-json\/wp\/v2\/posts\/10700\/revisions"}],"predecessor-version":[{"id":106693,"href":"https:\/\/df-nyt.dk\/blog\/wp-json\/wp\/v2\/posts\/10700\/revisions\/106693"}],"wp:attachment":[{"href":"https:\/\/df-nyt.dk\/blog\/wp-json\/wp\/v2\/media?parent=10700"}],"wp:term":[{"taxonomy":"category","embeddable":true,"href":"https:\/\/df-nyt.dk\/blog\/wp-json\/wp\/v2\/categories?post=10700"},{"taxonomy":"post_tag","embeddable":true,"href":"https:\/\/df-nyt.dk\/blog\/wp-json\/wp\/v2\/tags?post=10700"}],"curies":[{"name":"wp","href":"https:\/\/api.w.org\/{rel}","templated":true}]}}