{"id":10704,"date":"2010-10-13T18:05:38","date_gmt":"2010-10-13T17:05:38","guid":{"rendered":"http:\/\/df-nyt.dk\/?p=10704"},"modified":"2025-09-14T09:00:56","modified_gmt":"2025-09-14T07:00:56","slug":"han-skal-nu-arbejdspr%c3%b8ves-tredje-gang","status":"publish","type":"post","link":"https:\/\/df-nyt.dk\/blog\/han-skal-nu-arbejdspr%c3%b8ves-tredje-gang\/","title":{"rendered":"Han skal nu arbejdspr\u00f8ves for tredje gang"},"content":{"rendered":"<p><img loading=\"lazy\" decoding=\"async\" class=\"size-full alignleft\" title=\"131020101901\" src=\"https:\/\/df-nyt.dk\/blog\/wp-content\/uploads\/131020101901.png\" width=\"308\" height=\"264\" \/><\/p>\n<p>SYG OG I KLEMME 2, Af Frede Jakobsen p\u00e5 svendborgsnetavis.dk<\/p>\n<p>Et langt og smertefyldt sygdomsforl\u00f8b, som har \u00e6ndret hans liv fundamentalt, er en ting.<\/p>\n<p>Og til at forst\u00e5 og forklare.<br \/>\nSmerten ved den behandling, han f\u00e5r af Svendborg Kommune, er noget andet.<\/p>\n<p>Og for ham helt ufattelig.<br \/>\nHan f\u00f8ler ikke, han f\u00e5r en h\u00e5ndsr\u00e6kning, som han havde forventet.<\/p>\n<p>Men en kold skulder.<br \/>\nTo gange har sagsbehandlere p\u00e5 Jobcentret indstillet ham til f\u00f8rtidspension.<\/p>\n<p>En speciall\u00e6ge bakker dem op.<br \/>\nMen kommunens pensionsudvalg har nu to gange sagt nej.<\/p>\n<p>50-\u00e5rige Henrik Nedergaard skal \u2013 for tredje gang \u2013 i arbejdspr\u00f8vning.<\/p>\n<p>Fuldst\u00e6ndig form\u00e5lsl\u00f8st, vurderer speciall\u00e6gen.<br \/>\nDet lange, smertefyldte og meget komplicerede sygdomsforl\u00f8b har taget h\u00e5rdt p\u00e5 Henrik Nedergaard.<\/p>\n<p>Fysisk &#8211; Men ogs\u00e5 mentalt \u2013 og det sidste bliver v\u00e6rre af at f\u00f8le at han l\u00f8ber panden mod den kommunale mur der g\u00e5r ud p\u00e5 at f\u00e5 sk\u00e5ret ned p\u00e5 antallet af f\u00f8rtidspensionister for at spare penge.<\/p>\n<p>Frygten for fremtiden lurer.<br \/>\nNu ikke kun for at sygdommen bliver v\u00e6rre.<\/p>\n<p>Men ogs\u00e5 for \u00f8konomien.<br \/>\nHan vil p\u00e5 et tidspunkt, hvis han ikke f\u00e5r en f\u00f8rtidspension, ryge fra sygedagpenge over p\u00e5 den meget lavere kontanthj\u00e6lp.<\/p>\n<p>Og dermed faren for at m\u00e5tte flytte fra huset, hvor han bor med sin hustru og yngste s\u00f8n.<\/p>\n<p>Det tager h\u00e5rdt p\u00e5 ham.<br \/>\nDet er sv\u00e6rt at t\u00e6nke positivt, siger han.<\/p>\n<p>Reference<br \/>\n\/\/svendborgsnetavis.dk<br \/>\n&nbsp;<\/p>\n","protected":false},"excerpt":{"rendered":"<p>SYG OG I KLEMME 2, Af Frede Jakobsen p\u00e5 svendborgsnetavis.dk Et langt og smertefyldt sygdomsforl\u00f8b, som har \u00e6ndret hans liv fundamentalt, er en ting. Og til at forst\u00e5 og forklare. Smerten ved den behandling, han f\u00e5r af Svendborg Kommune, er noget andet. Og for ham helt ufattelig. Han f\u00f8ler ikke, han f\u00e5r en h\u00e5ndsr\u00e6kning, som [&hellip;]<\/p>\n","protected":false},"author":10,"featured_media":0,"comment_status":"open","ping_status":"closed","sticky":false,"template":"","format":"standard","meta":{"footnotes":""},"categories":[1],"tags":[],"class_list":["post-10704","post","type-post","status-publish","format-standard","hentry","category-df-nyt-dk"],"_links":{"self":[{"href":"https:\/\/df-nyt.dk\/blog\/wp-json\/wp\/v2\/posts\/10704","targetHints":{"allow":["GET"]}}],"collection":[{"href":"https:\/\/df-nyt.dk\/blog\/wp-json\/wp\/v2\/posts"}],"about":[{"href":"https:\/\/df-nyt.dk\/blog\/wp-json\/wp\/v2\/types\/post"}],"author":[{"embeddable":true,"href":"https:\/\/df-nyt.dk\/blog\/wp-json\/wp\/v2\/users\/10"}],"replies":[{"embeddable":true,"href":"https:\/\/df-nyt.dk\/blog\/wp-json\/wp\/v2\/comments?post=10704"}],"version-history":[{"count":3,"href":"https:\/\/df-nyt.dk\/blog\/wp-json\/wp\/v2\/posts\/10704\/revisions"}],"predecessor-version":[{"id":105690,"href":"https:\/\/df-nyt.dk\/blog\/wp-json\/wp\/v2\/posts\/10704\/revisions\/105690"}],"wp:attachment":[{"href":"https:\/\/df-nyt.dk\/blog\/wp-json\/wp\/v2\/media?parent=10704"}],"wp:term":[{"taxonomy":"category","embeddable":true,"href":"https:\/\/df-nyt.dk\/blog\/wp-json\/wp\/v2\/categories?post=10704"},{"taxonomy":"post_tag","embeddable":true,"href":"https:\/\/df-nyt.dk\/blog\/wp-json\/wp\/v2\/tags?post=10704"}],"curies":[{"name":"wp","href":"https:\/\/api.w.org\/{rel}","templated":true}]}}