{"id":10733,"date":"2010-10-14T13:19:09","date_gmt":"2010-10-14T12:19:09","guid":{"rendered":"http:\/\/df-nyt.dk\/?p=10733"},"modified":"2026-01-06T06:10:56","modified_gmt":"2026-01-06T05:10:56","slug":"regeringen-laner-fra-sfs-veteranpolitiske-udspil","status":"publish","type":"post","link":"https:\/\/df-nyt.dk\/blog\/regeringen-laner-fra-sfs-veteranpolitiske-udspil\/","title":{"rendered":"Regeringen \u201dl\u00e5ner\u201d fra SF\u2019s veteranpolitiske udspil!"},"content":{"rendered":"<p><img loading=\"lazy\" decoding=\"async\" class=\" size-full alignleft\" title=\"141020101412\" src=\"https:\/\/df-nyt.dk\/blog\/wp-content\/uploads\/141020101412.png\" width=\"277\" height=\"206\" \/><\/p>\n<p>I august 2010 offentliggjorde SF et udspil til en ny veteranpolitik, der indeholder ni konkrete forslag til, hvordan SF vil forbedre indsatsen overfor de hjemvendte soldater. Skriver SF i sin pressemeddelelse<\/p>\n<p>&#8211; Og forts\u00e6tter<br \/>\nI g\u00e5r offentliggjorde regeringen s\u00e5 deres udspil, hvilket fremkaldte f\u00f8lgende udtalelse: \u201dJeg m\u00e5 sige, at det er dejligt at se, at regeringen har taget en r\u00e6kke af vores gode forslag til sig.<\/p>\n<p>\u201dUdtalelsen kommer fra SF\u2019s veteranpolitiske ordf\u00f8rer, Pernille Frahm, der tilf\u00f8jer: \u201dForslaget om at etablere et samlet ressourcecenter for at yde den bedste st\u00f8tte, samt oprettelsen af et permanent videnscenter er stort set direkte taget fra SF\u2019s udspil, som blev lanceret i sommers.\u201d<\/p>\n<p>\u201dRegeringens udspil fokuserer ogs\u00e5 p\u00e5 de p\u00e5r\u00f8rende til de udsendte soldater, hvilket jeg synes er meget positivt.<\/p>\n<p>Det er utrolig h\u00e5rdt for familierne at have en far, en mor, en s\u00f8n eller en datter sendt af sted uden altid at vide, hvordan de har det. Dertil kommer frygten for, at de m\u00e5ske aldrig kommer hjem igen.\u201d<\/p>\n<p>\u201dDet er vigtigt for mig som ordf\u00f8rer p\u00e5 omr\u00e5det at sikre, at de hjemvendte veteraner f\u00e5r de tilbud som de har behov for, s\u00e5 de kan leve livet p\u00e5 samme m\u00e5de som de gjorde inden udsendelsen.<\/p>\n<p>Det betyder selvf\u00f8lgelig ogs\u00e5, at der bliver taget ordentlig h\u00e5nd om de soldater,<br \/>\nsom har p\u00e5draget sig fysiske eller psykiske skader.\u201d Skriver SF i pressemeddelsen.<\/p>\n<p>Se ogs\u00e5,<br \/>\n<a href=\"http:\/\/df-nyt.dk\/?p=10690\"><span style=\"text-decoration: underline;\"><br \/>\nHjemvendte soldater skal udstyres med et betleri-kort &#8230; <\/span><\/a><br \/>\n&nbsp;<\/p>\n","protected":false},"excerpt":{"rendered":"<p>I august 2010 offentliggjorde SF et udspil til en ny veteranpolitik, der indeholder ni konkrete forslag til, hvordan SF vil forbedre indsatsen overfor de hjemvendte soldater. Skriver SF i sin pressemeddelelse &#8211; Og forts\u00e6tter I g\u00e5r offentliggjorde regeringen s\u00e5 deres udspil, hvilket fremkaldte f\u00f8lgende udtalelse: \u201dJeg m\u00e5 sige, at det er dejligt at se, at [&hellip;]<\/p>\n","protected":false},"author":10,"featured_media":0,"comment_status":"open","ping_status":"closed","sticky":false,"template":"","format":"standard","meta":{"footnotes":""},"categories":[1],"tags":[],"class_list":["post-10733","post","type-post","status-publish","format-standard","hentry","category-df-nyt-dk"],"_links":{"self":[{"href":"https:\/\/df-nyt.dk\/blog\/wp-json\/wp\/v2\/posts\/10733","targetHints":{"allow":["GET"]}}],"collection":[{"href":"https:\/\/df-nyt.dk\/blog\/wp-json\/wp\/v2\/posts"}],"about":[{"href":"https:\/\/df-nyt.dk\/blog\/wp-json\/wp\/v2\/types\/post"}],"author":[{"embeddable":true,"href":"https:\/\/df-nyt.dk\/blog\/wp-json\/wp\/v2\/users\/10"}],"replies":[{"embeddable":true,"href":"https:\/\/df-nyt.dk\/blog\/wp-json\/wp\/v2\/comments?post=10733"}],"version-history":[{"count":8,"href":"https:\/\/df-nyt.dk\/blog\/wp-json\/wp\/v2\/posts\/10733\/revisions"}],"predecessor-version":[{"id":110866,"href":"https:\/\/df-nyt.dk\/blog\/wp-json\/wp\/v2\/posts\/10733\/revisions\/110866"}],"wp:attachment":[{"href":"https:\/\/df-nyt.dk\/blog\/wp-json\/wp\/v2\/media?parent=10733"}],"wp:term":[{"taxonomy":"category","embeddable":true,"href":"https:\/\/df-nyt.dk\/blog\/wp-json\/wp\/v2\/categories?post=10733"},{"taxonomy":"post_tag","embeddable":true,"href":"https:\/\/df-nyt.dk\/blog\/wp-json\/wp\/v2\/tags?post=10733"}],"curies":[{"name":"wp","href":"https:\/\/api.w.org\/{rel}","templated":true}]}}