{"id":10742,"date":"2010-10-14T15:17:00","date_gmt":"2010-10-14T14:17:00","guid":{"rendered":"http:\/\/df-nyt.dk\/?p=10742"},"modified":"2024-10-18T19:10:37","modified_gmt":"2024-10-18T17:10:37","slug":"sf-ny-fallit-stojbergs-aktiverings-system","status":"publish","type":"post","link":"https:\/\/df-nyt.dk\/blog\/sf-ny-fallit-stojbergs-aktiverings-system\/","title":{"rendered":"SF: Ny fallit for St\u00f8jbergs aktiverings-system"},"content":{"rendered":"<p><img loading=\"lazy\" decoding=\"async\" class=\"alignleft \" title=\"141020101611\" src=\"https:\/\/df-nyt.dk\/\/wp-content\/uploads\/141020101611.png\" alt=\"\" width=\"240\" height=\"199\" \/><\/p>\n<p>SF indkalder besk\u00e6ftigelsesminister Inger St\u00f8jberg i \u00e5bent samr\u00e5d i Folketinget<\/p>\n<p>Regeringens aktiverings-system har igen spillet fallit.<br \/>\nSystemet hj\u00e6lper ikke den enkelte arbejdsl\u00f8se.<\/p>\n<p>Det viser den nye rapport fra Rigsrevisionen siger SFs arbejdsmarkedsordf\u00f8rer Eigil Andersen. Skriver SF i sin pressemeddelelse<\/p>\n<p>-Og forts\u00e6tter<br \/>\nHan henviser til, at jobcentrene hvert \u00e5r bruger 2-3 milliarder kroner til aktivering af kontanthj\u00e6lpsmodtagere uden at det har hjulpet dem ind p\u00e5 arbejdsmarkedet.<\/p>\n<p>Tv\u00e6rtimod er f\u00e6rre aktiverede kommet i arbejde sammenlignet med ikke-aktiverede, fort\u00e6ller rigsrevisionen.<\/p>\n<p>SF indkalder nu besk\u00e6ftigelsesminister Inger St\u00f8jberg i \u00e5bent samr\u00e5d i Folketinget for at h\u00f8re, hvad hun vil g\u00f8re for hj\u00e6lpe de svageste ledige bedre. Den unders\u00f8gte gruppe er ikke-arbejdsmarkedsparate kontanthj\u00e6lpsmodtagere.<\/p>\n<p>Tidligere besk\u00e6ftigelsesminister Claus Hjort Frederiksen og nuv\u00e6rende besk\u00e6ftigelsesminister Inger St\u00f8jberg har tvunget jobcentrene til at t\u00e6nke i pengetilskud fra staten (kasset\u00e6nkning), inden de t\u00e6nker p\u00e5 at finde den bedste og mest effektive hj\u00e6lp til den enkelte kontanthj\u00e6lpsmodtager til at komme tilbage til arbejdsmarkedet.<\/p>\n<p>Kommunerne f\u00e5r en refusion p\u00e5 65 pct. af kontanthj\u00e6lpen, hvis kontanthj\u00e6lpsmodtageren er i aktivering \u2013 uanset hvor ubrugelig aktiveringen er.<\/p>\n<p>Hun giver derimod kun 35 pct. refusion, hvis kontanthj\u00e6lpsmodtageren ikke er i aktivering.<\/p>\n<p>En meget, meget kraftig tilskyndelse til at bruge pengene p\u00e5 billig og desv\u00e6rre ogs\u00e5 ubrugelig aktivering p\u00e5 samleb\u00e5nd, siger Eigil Andersen fra SF.<\/p>\n<p>Det er et system, der producerer refusion fra staten til kommunerne \u2013 men det hj\u00e6lper ikke de arbejdsl\u00f8se.<\/p>\n<p>Det kan vi som samfund ikke v\u00e6re bekendt.<br \/>\nSystemet skal kasseres, og vi skal have lavet et nyt, siger SFs ordf\u00f8rer.<\/p>\n<p>For de kontanthj\u00e6lpsmodtagere, der ikke er arbejdsmarkedsparate, kan man i stedet f. eks.<\/p>\n<p>&#8211; give ens refusion til kommunerne p\u00e5 ydelsen til kontanthj\u00e6lpsmodtagere<\/p>\n<p>&#8211; i stedet give tilskud fra staten til kommunerne p\u00e5 grund af resultater af aktiveringen, dvs. om den skaffer kontanthj\u00e6lpsmodtagerne i arbejde i en vis periode, f.eks. ved at sp\u00f8rge dem selv hvordan det er g\u00e5et.<\/p>\n<p>&#8211; give s\u00e6rskilt refusion statstilskud til jobcentrenes udgifter til aktivering, s\u00e5 kommunens udgifter til den lovpligtige aktivering nedbringes, n\u00e5r den rent faktisk udf\u00f8res. Skriver SF i sin pressemeddelelsen.<\/p>\n<p>For yderlig l\u00e6sning<br \/>\n&nbsp;<br \/>\n<a href=\"https:\/\/df-nyt.dk\/?p=7118\/\"><span style=\"text-decoration: underline;\">Flere unge og \u00e6ldre over 50 \u00e5r, er blevet arbejdsl\u00f8se de seneste \u00e5r <\/span><\/a><br \/>\n&nbsp;<br \/>\n<a href=\"https:\/\/df-nyt.dk\/?p=7032\/\"><span style=\"text-decoration: underline;\">Tusindvis af ledige danskere spilder i disse uger tiden p\u00e5 aktiveringskurser<\/span><\/a><br \/>\n&nbsp;<br \/>\n<a href=\"https:\/\/df-nyt.dk\/?p=9735\/\"><span style=\"text-decoration: underline;\">Den massive fattigdom ser ud til at v\u00e6re kommet for at blive<\/span><\/a><br \/>\n&nbsp;<br \/>\n<a href=\"https:\/\/df-nyt.dk\/?p=9958\/\"><span style=\"text-decoration: underline;\">Er der nogen der har set Besk\u00e6ftigelsesminister Inger St\u00f8jberg?<\/span><\/a><br \/>\n&nbsp;<br \/>\n<a href=\"https:\/\/df-nyt.dk\/?p=7320\/\"><span style=\"text-decoration: underline;\">Den kommunale dagplejeordning for arbejdsl\u00f8se er en stor succes <\/span><\/a><\/p>\n","protected":false},"excerpt":{"rendered":"<p>SF indkalder besk\u00e6ftigelsesminister Inger St\u00f8jberg i \u00e5bent samr\u00e5d i Folketinget Regeringens aktiverings-system har igen spillet fallit. Systemet hj\u00e6lper ikke den enkelte arbejdsl\u00f8se. Det viser den nye rapport fra Rigsrevisionen siger SFs arbejdsmarkedsordf\u00f8rer Eigil Andersen. Skriver SF i sin pressemeddelelse -Og forts\u00e6tter Han henviser til, at jobcentrene hvert \u00e5r bruger 2-3 milliarder kroner til aktivering af [&hellip;]<\/p>\n","protected":false},"author":10,"featured_media":0,"comment_status":"open","ping_status":"closed","sticky":false,"template":"","format":"standard","meta":{"footnotes":""},"categories":[1],"tags":[],"class_list":["post-10742","post","type-post","status-publish","format-standard","hentry","category-df-nyt-dk"],"_links":{"self":[{"href":"https:\/\/df-nyt.dk\/blog\/wp-json\/wp\/v2\/posts\/10742","targetHints":{"allow":["GET"]}}],"collection":[{"href":"https:\/\/df-nyt.dk\/blog\/wp-json\/wp\/v2\/posts"}],"about":[{"href":"https:\/\/df-nyt.dk\/blog\/wp-json\/wp\/v2\/types\/post"}],"author":[{"embeddable":true,"href":"https:\/\/df-nyt.dk\/blog\/wp-json\/wp\/v2\/users\/10"}],"replies":[{"embeddable":true,"href":"https:\/\/df-nyt.dk\/blog\/wp-json\/wp\/v2\/comments?post=10742"}],"version-history":[{"count":2,"href":"https:\/\/df-nyt.dk\/blog\/wp-json\/wp\/v2\/posts\/10742\/revisions"}],"predecessor-version":[{"id":105780,"href":"https:\/\/df-nyt.dk\/blog\/wp-json\/wp\/v2\/posts\/10742\/revisions\/105780"}],"wp:attachment":[{"href":"https:\/\/df-nyt.dk\/blog\/wp-json\/wp\/v2\/media?parent=10742"}],"wp:term":[{"taxonomy":"category","embeddable":true,"href":"https:\/\/df-nyt.dk\/blog\/wp-json\/wp\/v2\/categories?post=10742"},{"taxonomy":"post_tag","embeddable":true,"href":"https:\/\/df-nyt.dk\/blog\/wp-json\/wp\/v2\/tags?post=10742"}],"curies":[{"name":"wp","href":"https:\/\/api.w.org\/{rel}","templated":true}]}}