{"id":10806,"date":"2010-10-15T13:17:05","date_gmt":"2010-10-15T12:17:05","guid":{"rendered":"http:\/\/df-nyt.dk\/?p=10806"},"modified":"2024-10-29T09:36:01","modified_gmt":"2024-10-29T08:36:01","slug":"brug-veteranpolitikken-som-l%c3%b8ftestang","status":"publish","type":"post","link":"https:\/\/df-nyt.dk\/blog\/brug-veteranpolitikken-som-l%c3%b8ftestang\/","title":{"rendered":"Brug veteranpolitikken som l\u00f8ftestang!"},"content":{"rendered":"<p><img loading=\"lazy\" decoding=\"async\" class=\" size-full alignleft\" title=\"151020101414\" src=\"https:\/\/df-nyt.dk\/\/wp-content\/uploads\/151020101414.png\" width=\"280\" height=\"208\" \/><\/p>\n<p>Pernille Frahm opfordrer til, at regeringens nye veteranpolitik bliver brugt som l\u00f8ftestang for at styrke den generelle hj\u00e6lp til mennesker, der har f\u00e5et fysiske eller psykiske men.<\/p>\n<p>Jeg er fuldst\u00e6ndig enig med formanden for DH Stig Langvad, n\u00e5r han kr\u00e6ver ligebehandling af mennesker med behov for hj\u00e6lp. Skriver SF i sin pressemeddelelse<\/p>\n<p>\u2013og fors\u00e6tter<br \/>\nMen regeringens veteranpolitik er et meget n\u00f8dvendigt tiltag, som blandt andet SF l\u00e6nge har presset p\u00e5 at f\u00e5 gennemf\u00f8rt.<\/p>\n<p>Nu er tiden s\u00e5 inde til at se p\u00e5, hvordan andre bliver behandlet, og her skal de nye tiltag i veteranpolitikken naturligvis bruges som l\u00f8ftestang for alle, med behov for hj\u00e6lp og genoptr\u00e6ning. Skriver\u00a0Pernille Frahm i pressemeddelelsen.<\/p>\n<p><a href=\"https:\/\/df-nyt.dk\/?p=10733\" target=\"_blank\" rel=\"noopener noreferrer\"><span style=\"text-decoration: underline\">Regeringen l\u00e5ner fra SF\u2019s veteranpolitiske udspil! <\/span><\/a><br \/>\n&nbsp;<br \/>\n<a href=\"https:\/\/df-nyt.dk\/?p=10690\" target=\"_blank\" rel=\"noopener noreferrer\"><span style=\"text-decoration: underline\">Se ogs\u00e5 &#8211; Hjemvendte soldater skal udstyres med et betleri-kort <\/span><\/a><br \/>\n&nbsp;<\/p>\n","protected":false},"excerpt":{"rendered":"<p>Pernille Frahm opfordrer til, at regeringens nye veteranpolitik bliver brugt som l\u00f8ftestang for at styrke den generelle hj\u00e6lp til mennesker, der har f\u00e5et fysiske eller psykiske men. Jeg er fuldst\u00e6ndig enig med formanden for DH Stig Langvad, n\u00e5r han kr\u00e6ver ligebehandling af mennesker med behov for hj\u00e6lp. Skriver SF i sin pressemeddelelse \u2013og fors\u00e6tter Men [&hellip;]<\/p>\n","protected":false},"author":10,"featured_media":0,"comment_status":"open","ping_status":"closed","sticky":false,"template":"","format":"standard","meta":{"footnotes":""},"categories":[1],"tags":[],"class_list":["post-10806","post","type-post","status-publish","format-standard","hentry","category-df-nyt-dk"],"_links":{"self":[{"href":"https:\/\/df-nyt.dk\/blog\/wp-json\/wp\/v2\/posts\/10806","targetHints":{"allow":["GET"]}}],"collection":[{"href":"https:\/\/df-nyt.dk\/blog\/wp-json\/wp\/v2\/posts"}],"about":[{"href":"https:\/\/df-nyt.dk\/blog\/wp-json\/wp\/v2\/types\/post"}],"author":[{"embeddable":true,"href":"https:\/\/df-nyt.dk\/blog\/wp-json\/wp\/v2\/users\/10"}],"replies":[{"embeddable":true,"href":"https:\/\/df-nyt.dk\/blog\/wp-json\/wp\/v2\/comments?post=10806"}],"version-history":[{"count":2,"href":"https:\/\/df-nyt.dk\/blog\/wp-json\/wp\/v2\/posts\/10806\/revisions"}],"predecessor-version":[{"id":106229,"href":"https:\/\/df-nyt.dk\/blog\/wp-json\/wp\/v2\/posts\/10806\/revisions\/106229"}],"wp:attachment":[{"href":"https:\/\/df-nyt.dk\/blog\/wp-json\/wp\/v2\/media?parent=10806"}],"wp:term":[{"taxonomy":"category","embeddable":true,"href":"https:\/\/df-nyt.dk\/blog\/wp-json\/wp\/v2\/categories?post=10806"},{"taxonomy":"post_tag","embeddable":true,"href":"https:\/\/df-nyt.dk\/blog\/wp-json\/wp\/v2\/tags?post=10806"}],"curies":[{"name":"wp","href":"https:\/\/api.w.org\/{rel}","templated":true}]}}