{"id":10849,"date":"2010-10-16T08:00:17","date_gmt":"2010-10-16T07:00:17","guid":{"rendered":"http:\/\/df-nyt.dk\/?p=10849"},"modified":"2024-11-10T20:25:00","modified_gmt":"2024-11-10T19:25:00","slug":"anders-gravers-pedersen-racisme-siad-stop-islamiseringen-af-danmark","status":"publish","type":"post","link":"https:\/\/df-nyt.dk\/blog\/anders-gravers-pedersen-racisme-siad-stop-islamiseringen-af-danmark\/","title":{"rendered":"Had = Racisme = Anders Gravers Pedersen = SIAD Stop Islamiseringen Af Danmark"},"content":{"rendered":"<p>Had = Racisme = Anders Gravers Pedersen = SIAD Stop Islamiseringen Af Danmark<\/p>\n<p><img loading=\"lazy\" decoding=\"async\" src=\"https:\/\/df-nyt.dk\/wp-content\/uploads\/1610201088541.png\" alt=\"\" width=\"400\" height=\"127\" class=\"alignnone size-medium \" \/><\/p>\n<p>Jan Berdal kontra Anders Gravers Pedersen<br \/>\nNordmanden Jan Berdal er ikke et \u00f8jeblik i tvivl Anders Gravers Pedersen er ikke enig med Jan Berdal &#8211; Se det herunder.<\/p>\n<p><img loading=\"lazy\" decoding=\"async\" src=\"https:\/\/df-nyt.dk\/wp-content\/uploads\/1610201007501.png\" alt=\"\" width=\"529\" height=\"698\" class=\"alignnone size-full\" \/><\/p>\n<p><img loading=\"lazy\" decoding=\"async\" src=\"https:\/\/df-nyt.dk\/wp-content\/uploads\/1210201019231.png\" alt=\"\" width=\"277\" height=\"250\" class=\"alignnone size-full \" \/><\/p>\n<p>Stort set er Anders Gravers Pedersen kun enig med Anders Gravers Pedersen, &#8211; hvilket kan v\u00e6re \u00e5rsagen til at han hans lille forening tiltr\u00e6kker mennesker som forherliger Algiz-runen, ogs\u00e5 kaldet Livets Rune, som h\u00f8rer til rune-alfabetet.<\/p>\n<p>Algiz-runen blev brugt i Himmlers Lebensborn program som skulle sikre arisk racerenhed i Nazi-tyskland.<\/p>\n<p><a href=\"https:\/\/df-nyt.dk\/?p=10599\/\" target=\"_blank\" rel=\"noopener noreferrer\"><span style=\"text-decoration: underline\">L\u00e6s mere HER<\/span><\/a><\/p>\n<p><img loading=\"lazy\" decoding=\"async\" src=\"https:\/\/df-nyt.dk\/wp-content\/uploads\/1610201008391.png\" alt=\"\" width=\"253\" height=\"234\" class=\"alignnone size-full \" \/><\/p>\n<p>Og efter deres opfattelse -s\u00e5 har de ligesindet som de venligt linker til.<br \/>\n-Os med samme meninger\/holdninger m\u00e5 holde sammen, -er nok tanken bag deres link-henvisninger,<br \/>\n-som ses p\u00e5 deres nye hjemmeside<\/p>\n<p>Hjemmeside for dagbladet B.T. \/\/bt.dk \/udland\/politiet-slaar-til-mod-nynazister\/Politiet sl\u00e5r til mod nynazister<br \/>\nOmkring 150 politifolk deltog i 30 razziaer som var rettet mod medlemmer af nynazistiske grupper, der er mist\u00e6nkt for at tilskynde til uroligheder.<\/p>\n<p>Politiet oplyser, at man har fundet en pistol, ammunition og en mindre m\u00e6ngde narkotika samt l\u00f8besedler med h\u00f8jreekstremistisk indhold.<br \/>\n&nbsp;<\/p>\n","protected":false},"excerpt":{"rendered":"<p>Had = Racisme = Anders Gravers Pedersen = SIAD Stop Islamiseringen Af Danmark Jan Berdal kontra Anders Gravers Pedersen Nordmanden Jan Berdal er ikke et \u00f8jeblik i tvivl Anders Gravers Pedersen er ikke enig med Jan Berdal &#8211; Se det herunder. Stort set er Anders Gravers Pedersen kun enig med Anders Gravers Pedersen, &#8211; hvilket [&hellip;]<\/p>\n","protected":false},"author":10,"featured_media":0,"comment_status":"open","ping_status":"closed","sticky":false,"template":"","format":"standard","meta":{"footnotes":""},"categories":[1],"tags":[],"class_list":["post-10849","post","type-post","status-publish","format-standard","hentry","category-df-nyt-dk"],"_links":{"self":[{"href":"https:\/\/df-nyt.dk\/blog\/wp-json\/wp\/v2\/posts\/10849","targetHints":{"allow":["GET"]}}],"collection":[{"href":"https:\/\/df-nyt.dk\/blog\/wp-json\/wp\/v2\/posts"}],"about":[{"href":"https:\/\/df-nyt.dk\/blog\/wp-json\/wp\/v2\/types\/post"}],"author":[{"embeddable":true,"href":"https:\/\/df-nyt.dk\/blog\/wp-json\/wp\/v2\/users\/10"}],"replies":[{"embeddable":true,"href":"https:\/\/df-nyt.dk\/blog\/wp-json\/wp\/v2\/comments?post=10849"}],"version-history":[{"count":5,"href":"https:\/\/df-nyt.dk\/blog\/wp-json\/wp\/v2\/posts\/10849\/revisions"}],"predecessor-version":[{"id":106640,"href":"https:\/\/df-nyt.dk\/blog\/wp-json\/wp\/v2\/posts\/10849\/revisions\/106640"}],"wp:attachment":[{"href":"https:\/\/df-nyt.dk\/blog\/wp-json\/wp\/v2\/media?parent=10849"}],"wp:term":[{"taxonomy":"category","embeddable":true,"href":"https:\/\/df-nyt.dk\/blog\/wp-json\/wp\/v2\/categories?post=10849"},{"taxonomy":"post_tag","embeddable":true,"href":"https:\/\/df-nyt.dk\/blog\/wp-json\/wp\/v2\/tags?post=10849"}],"curies":[{"name":"wp","href":"https:\/\/api.w.org\/{rel}","templated":true}]}}