{"id":10873,"date":"2010-10-16T22:01:10","date_gmt":"2010-10-16T21:01:10","guid":{"rendered":"http:\/\/df-nyt.dk\/?p=10873"},"modified":"2026-01-01T17:43:59","modified_gmt":"2026-01-01T16:43:59","slug":"regeringen-er-klar-til-ansaette-agenter-spanien-og-tyrkiet","status":"publish","type":"post","link":"https:\/\/df-nyt.dk\/blog\/regeringen-er-klar-til-ansaette-agenter-spanien-og-tyrkiet\/","title":{"rendered":"Regeringen er klar til at ans\u00e6tte agenter i Spanien og Tyrkiet &#8230;"},"content":{"rendered":"<p><img loading=\"lazy\" decoding=\"async\" class=\" alignleft\" title=\"171020101213\" src=\"http:\/\/df-nyt.dk\/\/wp-content\/uploads\/171020101213.png\" alt=\"\" width=\"190\" height=\"163\" \/>Regeringen er klar til at ans\u00e6tte agenter i Spanien og Tyrkiet . . .<\/p>\n<p>Regeringen er klar til at ans\u00e6tte agenter i Spanien og Tyrkiet, som f\u00e5r til opgave at overv\u00e5ge, om der foreg\u00e5r snyd med danske velf\u00e6rdsydelser i de lande.<\/p>\n<p>Tiltaget er en del af en indsats mod socialt bedrageri, som VK-regeringen og Dansk Folkeparti er i gang med at udarbejde.<\/p>\n<p>&#8220;Vi hverken kan eller vil acceptere misbrug af sociale ydelser.<br \/>\nDet er dybt asocialt, og det er med til at sv\u00e6kke sammenh\u00e6ngskraften i vores velf\u00e6rdssamfund.<\/p>\n<p>Derfor er det vigtigt, at indsatsen mod socialt bedrageri er s\u00e5 fintmasket og effektiv som muligt,&#8221; siger besk\u00e6ftigelsesminister Inger St\u00f8jberg (V).<\/p>\n<p>Ud over kontrolmedarbejdere i Tyrkiet og Spanien foresl\u00e5r Dansk Folkeparti og VK-regeringen blandt andet et intensiveret tilsyn i lufthavne og andre gr\u00e6nseovergange, og at kontrolarbejdet i kommunerne kommer til at indg\u00e5 i den kommunale revision.<\/p>\n<p>For yderlig l\u00e6sning<\/p>\n<p><a href=\"http:\/\/df-nyt.dk\/?p=7652\"><span style=\"text-decoration: underline;\">Luk gr\u00e6nserne, skriger Dansk Folkepartis supportere <\/span><\/a><\/p>\n<p><a href=\"http:\/\/df-nyt.dk\/?p=7830\"><span style=\"text-decoration: underline;\">Dansk Folkeparti: Ud af EU \u2013 luk gr\u00e6nserne? <\/span><\/a><\/p>\n<p><a href=\"http:\/\/df-nyt.dk\/?p=10195\"><span style=\"text-decoration: underline;\">I dag, for 20 \u00e5r siden blev de to Tysklande officielt genforenet<\/span><\/a><\/p>\n","protected":false},"excerpt":{"rendered":"<p>Regeringen er klar til at ans\u00e6tte agenter i Spanien og Tyrkiet . . . Regeringen er klar til at ans\u00e6tte agenter i Spanien og Tyrkiet, som f\u00e5r til opgave at overv\u00e5ge, om der foreg\u00e5r snyd med danske velf\u00e6rdsydelser i de lande. Tiltaget er en del af en indsats mod socialt bedrageri, som VK-regeringen og Dansk [&hellip;]<\/p>\n","protected":false},"author":10,"featured_media":0,"comment_status":"open","ping_status":"closed","sticky":false,"template":"","format":"standard","meta":{"footnotes":""},"categories":[1],"tags":[],"class_list":["post-10873","post","type-post","status-publish","format-standard","hentry","category-df-nyt-dk"],"_links":{"self":[{"href":"https:\/\/df-nyt.dk\/blog\/wp-json\/wp\/v2\/posts\/10873","targetHints":{"allow":["GET"]}}],"collection":[{"href":"https:\/\/df-nyt.dk\/blog\/wp-json\/wp\/v2\/posts"}],"about":[{"href":"https:\/\/df-nyt.dk\/blog\/wp-json\/wp\/v2\/types\/post"}],"author":[{"embeddable":true,"href":"https:\/\/df-nyt.dk\/blog\/wp-json\/wp\/v2\/users\/10"}],"replies":[{"embeddable":true,"href":"https:\/\/df-nyt.dk\/blog\/wp-json\/wp\/v2\/comments?post=10873"}],"version-history":[{"count":4,"href":"https:\/\/df-nyt.dk\/blog\/wp-json\/wp\/v2\/posts\/10873\/revisions"}],"predecessor-version":[{"id":110609,"href":"https:\/\/df-nyt.dk\/blog\/wp-json\/wp\/v2\/posts\/10873\/revisions\/110609"}],"wp:attachment":[{"href":"https:\/\/df-nyt.dk\/blog\/wp-json\/wp\/v2\/media?parent=10873"}],"wp:term":[{"taxonomy":"category","embeddable":true,"href":"https:\/\/df-nyt.dk\/blog\/wp-json\/wp\/v2\/categories?post=10873"},{"taxonomy":"post_tag","embeddable":true,"href":"https:\/\/df-nyt.dk\/blog\/wp-json\/wp\/v2\/tags?post=10873"}],"curies":[{"name":"wp","href":"https:\/\/api.w.org\/{rel}","templated":true}]}}