{"id":10890,"date":"2010-10-17T14:30:10","date_gmt":"2010-10-17T13:30:10","guid":{"rendered":"http:\/\/df-nyt.dk\/?p=10890"},"modified":"2026-01-10T17:34:47","modified_gmt":"2026-01-10T16:34:47","slug":"fox-news-angriber-bloggere","status":"publish","type":"post","link":"https:\/\/df-nyt.dk\/blog\/fox-news-angriber-bloggere\/","title":{"rendered":"FOX News angriber Bloggere"},"content":{"rendered":"<p><iframe loading=\"lazy\" width=\"400\" height=\"225\" src=\"https:\/\/youtube.com\/embed\/mpht4sXDhx0? \" frameborder=\"0\"><\/iframe><br \/>\n&nbsp;<br \/>\nFOX News angriber Bloggere<br \/>\nVi har set lignende f\u00e6nomener her i landet.<\/p>\n<p>I al ubeskedenhed vil jeg i den forbindelse ikke undlade at n\u00e6vne scenariet da Trykkefrihedsselskabets medlemmer blev afsl\u00f8ret -og troede, at de bare kunne svine en Blogger til  -s\u00e5 ville samtlige kritiske Bloggere tr\u00e6kke snuden til sig og l\u00f8be skrigende bort.<\/p>\n<p>S\u00e5dan kom det heldigvis ikke til at g\u00e5.<br \/>\nDog syntes jeg stadig, at jeg skylder Mikael Jalving en tak for, at han s\u00e5 utvetydigt afsl\u00f8rede, og bekr\u00e6ftede den teori som Margrethe S. Hansen m.f. &#8211; s\u00e5 l\u00e6nge, havde arbejdet p\u00e5 at bevise.<\/p>\n<p>Det var virkelig en l\u00e6rerig oplevelse, &#8211; selv om det ikke var mig det gik direkte ud over<br \/>\n&#8211; i f\u00f8rste omgang.<br \/>\n&nbsp;<br \/>\n<img loading=\"lazy\" decoding=\"async\" class=\"alignnone size-full \" src=\"https:\/\/df-nyt.dk\/\/wp-content\/uploads\/281220121331.png\" alt=\"281220121331\" width=\"290\" height=\"256\" \/><br \/>\n&nbsp;<br \/>\nFra Berlingske Tidende. Mikael Jalving om -Anst\u00e6ndighedens forpost<br \/>\nDet er egentlig ikke fordi, de Radikale ikke har problemer nok i forvejen.<br \/>\nNu har partiet blot f\u00e5et \u00e9t mere.<\/p>\n<p>Hun hedder Monika Margrethe Hansen, er 37 \u00e5r, partimedlem og selverkl\u00e6ret \u00bbhumanist og borgerrettighedsfork\u00e6mper\u00ab.<\/p>\n<p>Alt dette til trods har hun et problem med at styre sit sprog, som n\u00e5r hun f.eks. p\u00e5 sin personlige blogpost for et mere anst\u00e6ndigt Danmark kalder deltagerne i den fredelige pro-israelske demonstration p\u00e5 R\u00e5dhuspladsen for 14 dage siden for \u00bbh\u00f8jrenationalistiske venner, anti-muslimske demagoger, fremmedfjendske sm\u00e5 tosser og hadske islamofobiske pr\u00e6ster\u00ab.<\/p>\n<p>Af en eller anden grund har Groft sagt sv\u00e6rt ved at genkende billedet,<br \/>\nmen det m\u00e5 skyldes, at vi tilh\u00f8rer samme gruppe.<\/p>\n<p>Uanset hvad er der, s\u00e5 vidt vides, ytringsfrihed i dette land, sk\u00f8nt det ville v\u00e6re opl\u00f8ftende at blive begavet med Monika Margrethe Hansens bevisf\u00f8relse for selvsamme p\u00e5stand, al den stund at det m\u00e5 anses for at v\u00e6re p\u00e5 gr\u00e6nsen til det uanst\u00e6ndige eller under alle omst\u00e6ndigheder intellektuelt uh\u00e6derligt at begive sig af med l\u00f8se p\u00e5stande.<\/p>\n<p>Selv for en borgerrettighedsfork\u00e6mper.<\/p>\n<p>For yderlig l\u00e6sning<\/p>\n<p>\/\/berlingske.dk:80\/verden\/lars-hedegaard-tiltales-racisme&#8221;<br \/>\nHjemmesiden \/\/berlingske.dk \/verden\/lars-hedegaard-tiltales-racisme<br \/>\n&nbsp;<br \/>\n<a href=\"https:\/\/p77.dk\/radikalisering\/69-radikalisering-danmark\/326-lars-hedegaard-i-krig-med-islam-og-the-new-world-order\"><span style=\"text-decoration: underline;\">Netavisen, P77.dk \/\/p77.dk\/radikalisering\/lars-hedegaard-i-krig-med-islam-og-the-new-world-order<\/span><\/a><br \/>\n&nbsp;<br \/>\n<a href=\"http:\/\/modspil.dk\/politik\/lars_hedegaards_flirt_med_ekstremister.html\"><span style=\"text-decoration: underline;\">Hjemmesiden \/\/modspil.dk \/politik\/lars_hedegaards_flirt_med_ekstremister<\/span><\/a><br \/>\n&nbsp;<br \/>\n<a href=\"http:\/\/humanisme.dk\/engelbreth10\/e101013.php\"><span style=\"text-decoration: underline;\">Hjemmesiden \/\/humanisme.dk \/engelbreth-Flemming Rose-Hedegaard-taler-usandt-fra-ende-til-anden<\/span><\/a><br \/>\n&nbsp;<\/p>\n","protected":false},"excerpt":{"rendered":"<p>&nbsp; FOX News angriber Bloggere Vi har set lignende f\u00e6nomener her i landet. I al ubeskedenhed vil jeg i den forbindelse ikke undlade at n\u00e6vne scenariet da Trykkefrihedsselskabets medlemmer blev afsl\u00f8ret -og troede, at de bare kunne svine en Blogger til -s\u00e5 ville samtlige kritiske Bloggere tr\u00e6kke snuden til sig og l\u00f8be skrigende bort. S\u00e5dan [&hellip;]<\/p>\n","protected":false},"author":10,"featured_media":0,"comment_status":"open","ping_status":"closed","sticky":false,"template":"","format":"standard","meta":{"footnotes":""},"categories":[1],"tags":[],"class_list":["post-10890","post","type-post","status-publish","format-standard","hentry","category-df-nyt-dk"],"_links":{"self":[{"href":"https:\/\/df-nyt.dk\/blog\/wp-json\/wp\/v2\/posts\/10890","targetHints":{"allow":["GET"]}}],"collection":[{"href":"https:\/\/df-nyt.dk\/blog\/wp-json\/wp\/v2\/posts"}],"about":[{"href":"https:\/\/df-nyt.dk\/blog\/wp-json\/wp\/v2\/types\/post"}],"author":[{"embeddable":true,"href":"https:\/\/df-nyt.dk\/blog\/wp-json\/wp\/v2\/users\/10"}],"replies":[{"embeddable":true,"href":"https:\/\/df-nyt.dk\/blog\/wp-json\/wp\/v2\/comments?post=10890"}],"version-history":[{"count":4,"href":"https:\/\/df-nyt.dk\/blog\/wp-json\/wp\/v2\/posts\/10890\/revisions"}],"predecessor-version":[{"id":111102,"href":"https:\/\/df-nyt.dk\/blog\/wp-json\/wp\/v2\/posts\/10890\/revisions\/111102"}],"wp:attachment":[{"href":"https:\/\/df-nyt.dk\/blog\/wp-json\/wp\/v2\/media?parent=10890"}],"wp:term":[{"taxonomy":"category","embeddable":true,"href":"https:\/\/df-nyt.dk\/blog\/wp-json\/wp\/v2\/categories?post=10890"},{"taxonomy":"post_tag","embeddable":true,"href":"https:\/\/df-nyt.dk\/blog\/wp-json\/wp\/v2\/tags?post=10890"}],"curies":[{"name":"wp","href":"https:\/\/api.w.org\/{rel}","templated":true}]}}