{"id":10969,"date":"2010-10-18T18:44:57","date_gmt":"2010-10-18T17:44:57","guid":{"rendered":"http:\/\/df-nyt.dk\/?p=10969"},"modified":"2024-02-05T22:59:01","modified_gmt":"2024-02-05T21:59:01","slug":"v%c3%a6kst-og-jobskabelse-skal-fa-eu-ud-af-krisen","status":"publish","type":"post","link":"https:\/\/df-nyt.dk\/blog\/v%c3%a6kst-og-jobskabelse-skal-fa-eu-ud-af-krisen\/","title":{"rendered":"V\u00e6kst og jobskabelse skal f\u00e5 EU ud af krisen"},"content":{"rendered":"<p><img loading=\"lazy\" decoding=\"async\" src=\"https:\/\/df-nyt.dk\/wp-content\/uploads\/2018\/02\/200220180723.png\" alt=\"\" width=\"289\" height=\"65\" class=\"alignleft size-full \" \/><\/p>\n<p>SF st\u00f8tter styrket samarbejde om de \u00f8konomiske politikker i EU for at undg\u00e5 kriser<\/p>\n<p>Vi er helt enige med regeringen om, at der er behov for en strammere styring og koordinering, s\u00e5 uholdbar finanspolitik (Gr\u00e6kenland) og overdreven g\u00e6lds\u00e6tning (Italien) i fremtiden undg\u00e5s. Skriver man i Margrete Aukens pressemeddelelse <\/p>\n<p>\u2013og forts\u00e6tter.<br \/>\nDet skader hele f\u00e6llesskabet, n\u00e5r enkeltlande opf\u00f8rer sig \u00f8konomisk uansvarligt.<\/p>\n<p>Regeringen fik fredag sit mandat til de videre dr\u00f8ftelser i EU.<\/p>\n<p>SF kunne enten v\u00e6lge at sige blankt nej, eller vi kunne sige ja og f\u00e5 indflydelse p\u00e5 den danske holdning.<\/p>\n<p>SF s\u00f8ger altid indflydelse, hvis det kan fremme vores politik, s\u00e5 vi kastede os selvf\u00f8lgelig ind i kampen.<\/p>\n<p>Lad os starte med at sl\u00e5 fast: der bliver ikke rokket en millimeter ved det danske euro-forbehold, og finansloven er fortsat et suver\u00e6nt dansk anliggende.<\/p>\n<p>Ellers kunne vi slet ikke have v\u00e6ret med i forhandlingerne.<br \/>\nRegeringen havde hidtil ligget p\u00e5 den neurotiske tyske strammerfl\u00f8j, hvor det eneste, der satses p\u00e5, er afkobling af politikerne og massive offentlige nedsk\u00e6ringer.<\/p>\n<p>Det ville vi selvsagt ikke v\u00e6re med til.<br \/>\nDerfor kr\u00e6vede vi, at regeringen skiftede kurs, s\u00e5 fokus i stedet bliver p\u00e5, at det er v\u00e6kst og jobskabelse, der skal f\u00e5 os ud af den igangv\u00e6rende krise.<\/p>\n<p>Det m\u00e5tte finansministeren acceptere.<br \/>\nSanktioner over for lande, der ikke lever op til de f\u00e6lles regler, g\u00e6lder kun eurolandene.<\/p>\n<p>Danmark kan fortsat ikke id\u00f8mmes sanktioner.<br \/>\nRegeringen har dog valgt at se positivt p\u00e5 arbejdet med, at der i 2014 indf\u00f8res budgetsanktioner for alle EU-lande, der opf\u00f8rer sig \u00f8konomisk uansvarligt.<\/p>\n<p>Det bliver s\u00e5 evt. sanktioner inden for det f\u00e6lles budget, hvor man kan blive trukket i landbrugsst\u00f8tte og strukturfonde.<\/p>\n<p>Hvis der kommer konkret forslag herom, skal det selvf\u00f8lgelig igen dr\u00f8ftes i Folketinget og v\u00e6re i overensstemmelse med vores forbehold.<\/p>\n<p>For yderlig l\u00e6sning<\/p>\n<p><a href=\"https:\/\/sf.dk\/\" rel=\"noopener noreferrer\" target=\"_blank\"><span style=\"text-decoration: underline\"> Seneste nyt fra SF<\/span><\/a><br \/>\n&nbsp;<\/p>\n","protected":false},"excerpt":{"rendered":"<p>SF st\u00f8tter styrket samarbejde om de \u00f8konomiske politikker i EU for at undg\u00e5 kriser Vi er helt enige med regeringen om, at der er behov for en strammere styring og koordinering, s\u00e5 uholdbar finanspolitik (Gr\u00e6kenland) og overdreven g\u00e6lds\u00e6tning (Italien) i fremtiden undg\u00e5s. Skriver man i Margrete Aukens pressemeddelelse \u2013og forts\u00e6tter. Det skader hele f\u00e6llesskabet, n\u00e5r [&hellip;]<\/p>\n","protected":false},"author":10,"featured_media":0,"comment_status":"open","ping_status":"closed","sticky":false,"template":"","format":"standard","meta":{"footnotes":""},"categories":[1],"tags":[],"class_list":["post-10969","post","type-post","status-publish","format-standard","hentry","category-df-nyt-dk"],"_links":{"self":[{"href":"https:\/\/df-nyt.dk\/blog\/wp-json\/wp\/v2\/posts\/10969","targetHints":{"allow":["GET"]}}],"collection":[{"href":"https:\/\/df-nyt.dk\/blog\/wp-json\/wp\/v2\/posts"}],"about":[{"href":"https:\/\/df-nyt.dk\/blog\/wp-json\/wp\/v2\/types\/post"}],"author":[{"embeddable":true,"href":"https:\/\/df-nyt.dk\/blog\/wp-json\/wp\/v2\/users\/10"}],"replies":[{"embeddable":true,"href":"https:\/\/df-nyt.dk\/blog\/wp-json\/wp\/v2\/comments?post=10969"}],"version-history":[{"count":2,"href":"https:\/\/df-nyt.dk\/blog\/wp-json\/wp\/v2\/posts\/10969\/revisions"}],"predecessor-version":[{"id":102158,"href":"https:\/\/df-nyt.dk\/blog\/wp-json\/wp\/v2\/posts\/10969\/revisions\/102158"}],"wp:attachment":[{"href":"https:\/\/df-nyt.dk\/blog\/wp-json\/wp\/v2\/media?parent=10969"}],"wp:term":[{"taxonomy":"category","embeddable":true,"href":"https:\/\/df-nyt.dk\/blog\/wp-json\/wp\/v2\/categories?post=10969"},{"taxonomy":"post_tag","embeddable":true,"href":"https:\/\/df-nyt.dk\/blog\/wp-json\/wp\/v2\/tags?post=10969"}],"curies":[{"name":"wp","href":"https:\/\/api.w.org\/{rel}","templated":true}]}}