{"id":10975,"date":"2010-10-19T06:25:21","date_gmt":"2010-10-19T05:25:21","guid":{"rendered":"http:\/\/df-nyt.dk\/?p=10975"},"modified":"2018-04-13T22:54:22","modified_gmt":"2018-04-13T20:54:22","slug":"minimumsindkomst-middel-kamp-mod-fattigdom","status":"publish","type":"post","link":"https:\/\/df-nyt.dk\/blog\/minimumsindkomst-middel-kamp-mod-fattigdom\/","title":{"rendered":"Minimumsindkomst \u2013 et middel i kamp mod fattigdom?"},"content":{"rendered":"<p><img loading=\"lazy\" decoding=\"async\" src=\"https:\/\/df-nyt.dk\/blog\/wp-content\/uploads\/2018\/02\/200220180723.png\" alt=\"\" width=\"289\" height=\"65\" class=\"alignnone size-full wp-image-94741\" \/><\/p>\n<p>Debat om fattigdomsbek\u00e6mpelse i Europaparlamentet. FN\u2019s generalsekret\u00e6r Ban Ki-Moon er s\u00e6rlig g\u00e6st<\/p>\n<p>En af vejene til at komme fattigdommen til livs i Europa og hj\u00e6lpe de 85 mio. europ\u00e6ere, der for \u00f8jeblikket lever p\u00e5 kanten af fattigdomsgr\u00e6nsen, er at indf\u00f8re en minimumsindkomst til alle borgere.<\/p>\n<p>S\u00e5dan lyder grundideen i en bet\u00e6nkning, som Parlamentet stemmer om i n\u00e6ste uge, hvor der konkret foresl\u00e5s en minimumsindkomst p\u00e5 60 pct. af gennemsnitsindkomsten i et medlemsland.<\/p>\n<p>Desv\u00e6rre ser det ikke ud til at forslaget kan samle et flertal i parlamentet, men vi h\u00e5ber, at vi i det mindste kan blive enige om, at alle borgere har krav p\u00e5 en minimumsindt\u00e6gt.<\/p>\n<p>Debatten om, hvordan vi kommer fattigdomsproblemerne til livs, er hovedtema i en debat med Kommissionen, og ikke mindst n\u00e5r FN\u2019s generalsekret\u00e6r g\u00e6ster parlamentet i Strasbourg tirsdag. Skriver SF i sin pressemeddelse.<\/p>\n<p><strong>For yderlig l\u00e6sning.<\/strong><\/p>\n<p>&nbsp;<br \/>\n<a href=\"http:\/\/www.sf.dk\"><span style=\"text-decoration: underline;\"><strong>www.sf.dk\/seneste-nyt<\/strong><\/span><\/a><\/p>\n<p><strong>**************** <\/strong><\/p>\n","protected":false},"excerpt":{"rendered":"<p>Debat om fattigdomsbek\u00e6mpelse i Europaparlamentet. FN\u2019s generalsekret\u00e6r Ban Ki-Moon er s\u00e6rlig g\u00e6st En af vejene til at komme fattigdommen til livs i Europa og hj\u00e6lpe de 85 mio. europ\u00e6ere, der for \u00f8jeblikket lever p\u00e5 kanten af fattigdomsgr\u00e6nsen, er at indf\u00f8re en minimumsindkomst til alle borgere. S\u00e5dan lyder grundideen i en bet\u00e6nkning, som Parlamentet stemmer om [&hellip;]<\/p>\n","protected":false},"author":10,"featured_media":0,"comment_status":"open","ping_status":"closed","sticky":false,"template":"","format":"standard","meta":{"footnotes":""},"categories":[1],"tags":[],"class_list":["post-10975","post","type-post","status-publish","format-standard","hentry","category-df-nyt-dk"],"_links":{"self":[{"href":"https:\/\/df-nyt.dk\/blog\/wp-json\/wp\/v2\/posts\/10975","targetHints":{"allow":["GET"]}}],"collection":[{"href":"https:\/\/df-nyt.dk\/blog\/wp-json\/wp\/v2\/posts"}],"about":[{"href":"https:\/\/df-nyt.dk\/blog\/wp-json\/wp\/v2\/types\/post"}],"author":[{"embeddable":true,"href":"https:\/\/df-nyt.dk\/blog\/wp-json\/wp\/v2\/users\/10"}],"replies":[{"embeddable":true,"href":"https:\/\/df-nyt.dk\/blog\/wp-json\/wp\/v2\/comments?post=10975"}],"version-history":[{"count":2,"href":"https:\/\/df-nyt.dk\/blog\/wp-json\/wp\/v2\/posts\/10975\/revisions"}],"predecessor-version":[{"id":96511,"href":"https:\/\/df-nyt.dk\/blog\/wp-json\/wp\/v2\/posts\/10975\/revisions\/96511"}],"wp:attachment":[{"href":"https:\/\/df-nyt.dk\/blog\/wp-json\/wp\/v2\/media?parent=10975"}],"wp:term":[{"taxonomy":"category","embeddable":true,"href":"https:\/\/df-nyt.dk\/blog\/wp-json\/wp\/v2\/categories?post=10975"},{"taxonomy":"post_tag","embeddable":true,"href":"https:\/\/df-nyt.dk\/blog\/wp-json\/wp\/v2\/tags?post=10975"}],"curies":[{"name":"wp","href":"https:\/\/api.w.org\/{rel}","templated":true}]}}