{"id":10987,"date":"2010-10-19T13:39:37","date_gmt":"2010-10-19T12:39:37","guid":{"rendered":"http:\/\/df-nyt.dk\/?p=10987"},"modified":"2024-11-06T23:25:46","modified_gmt":"2024-11-06T22:25:46","slug":"regeringen-holder-handen-gr%c3%a6kenlands-asylkaos","status":"publish","type":"post","link":"https:\/\/df-nyt.dk\/blog\/regeringen-holder-handen-gr%c3%a6kenlands-asylkaos\/","title":{"rendered":"Regeringen holder h\u00e5nden over Gr\u00e6kenlands asylkaos"},"content":{"rendered":"<p><img loading=\"lazy\" decoding=\"async\" class=\"size-full alignleft\" title=\"191020101434\" src=\"https:\/\/df-nyt.dk\/\/wp-content\/uploads\/191020101434.png\" width=\"281\" height=\"213\" \/><br \/>\nSF&#8217;s asylordf\u00f8rer Astrid Krag beder Birthe R\u00f8nn Hornbech om at se p\u00e5 procedurerne i Norge, Finland, Holland og Belgien, som if\u00f8lge Dansk Flygtningehj\u00e6lp har stopper oversendelse af asylans\u00f8gere til Gr\u00e6kenland &#8211; mens England og Tyskland bremser dem igennem deres retsinstanser. Skriver SF i sin pressemeddelelse<br \/>\n-Og forts\u00e6tter<br \/>\n&#8220;Dette viser endnu en gang, at Gr\u00e6kenland ikke reelt behandler ans\u00f8gning om asyl og i \u00f8vrigt har en st\u00e6rk kritisabel behandling af asylans\u00f8gerne, mens de er i Gr\u00e6kenland.<\/p>\n<p>En lang r\u00e6kke lande har taget konsekvensen af, at Gr\u00e6kenland ikke har en forsvarlig asylprocedure.<\/p>\n<p>Der er tale om lande, som vi samarbejder med og respekterer.<\/p>\n<p>Birthe R\u00f8nn m\u00e5 redeg\u00f8re for, hvorfor hendes vurdering af situationen i Gr\u00e6kenland er anderledes end andre skandinaviske og europ\u00e6iske landes.&#8221;<\/p>\n<p>Baggrunden er, at jf. Dublinforordningen skal asylans\u00f8gerne have behandlet deres ans\u00f8gning i det f\u00f8rste land, de kommer til.<\/p>\n<p>Men foruds\u00e6tningen er, at alle lande har en reel asylprocedure.<br \/>\n&#8220;Det er tydeligt, at Gr\u00e6kenland fuldst\u00e6ndigt underminerer det Europ\u00e6iske asylsystem og indtil Danmark siger fra, s\u00e5 er vi medskyldige.<\/p>\n<p>Det er ikke holdbart, at vi lader som om, der ikke er et problem i Gr\u00e6kenland, n\u00e5r resten af verden omkring os kan ser det helt tydeligt.<\/p>\n<p>Regeringen m\u00e5 l\u00e6gge intens pres p\u00e5 Gr\u00e6kenland, bl.a. igennem EU.&#8221; Skriver SF i pressemeddelelse<\/p>\n<p>For yderlig l\u00e6sning  <\/p>\n<p><a href=\"https:\/\/df-nyt.dk\/?p=10681\"><span style=\"text-decoration: underline;\">Stop oversendelserne til Gr\u00e6kenland inden domstolen g\u00f8r det <\/span><\/a><\/p>\n","protected":false},"excerpt":{"rendered":"<p>SF&#8217;s asylordf\u00f8rer Astrid Krag beder Birthe R\u00f8nn Hornbech om at se p\u00e5 procedurerne i Norge, Finland, Holland og Belgien, som if\u00f8lge Dansk Flygtningehj\u00e6lp har stopper oversendelse af asylans\u00f8gere til Gr\u00e6kenland &#8211; mens England og Tyskland bremser dem igennem deres retsinstanser. Skriver SF i sin pressemeddelelse -Og forts\u00e6tter &#8220;Dette viser endnu en gang, at Gr\u00e6kenland ikke [&hellip;]<\/p>\n","protected":false},"author":10,"featured_media":0,"comment_status":"open","ping_status":"closed","sticky":false,"template":"","format":"standard","meta":{"footnotes":""},"categories":[1],"tags":[],"class_list":["post-10987","post","type-post","status-publish","format-standard","hentry","category-df-nyt-dk"],"_links":{"self":[{"href":"https:\/\/df-nyt.dk\/blog\/wp-json\/wp\/v2\/posts\/10987","targetHints":{"allow":["GET"]}}],"collection":[{"href":"https:\/\/df-nyt.dk\/blog\/wp-json\/wp\/v2\/posts"}],"about":[{"href":"https:\/\/df-nyt.dk\/blog\/wp-json\/wp\/v2\/types\/post"}],"author":[{"embeddable":true,"href":"https:\/\/df-nyt.dk\/blog\/wp-json\/wp\/v2\/users\/10"}],"replies":[{"embeddable":true,"href":"https:\/\/df-nyt.dk\/blog\/wp-json\/wp\/v2\/comments?post=10987"}],"version-history":[{"count":1,"href":"https:\/\/df-nyt.dk\/blog\/wp-json\/wp\/v2\/posts\/10987\/revisions"}],"predecessor-version":[{"id":106517,"href":"https:\/\/df-nyt.dk\/blog\/wp-json\/wp\/v2\/posts\/10987\/revisions\/106517"}],"wp:attachment":[{"href":"https:\/\/df-nyt.dk\/blog\/wp-json\/wp\/v2\/media?parent=10987"}],"wp:term":[{"taxonomy":"category","embeddable":true,"href":"https:\/\/df-nyt.dk\/blog\/wp-json\/wp\/v2\/categories?post=10987"},{"taxonomy":"post_tag","embeddable":true,"href":"https:\/\/df-nyt.dk\/blog\/wp-json\/wp\/v2\/tags?post=10987"}],"curies":[{"name":"wp","href":"https:\/\/api.w.org\/{rel}","templated":true}]}}