{"id":11014,"date":"2010-10-19T20:01:26","date_gmt":"2010-10-19T19:01:26","guid":{"rendered":"http:\/\/df-nyt.dk\/?p=11014"},"modified":"2025-07-15T21:37:18","modified_gmt":"2025-07-15T19:37:18","slug":"naesten-hver-anden-svensker-onsker-tropperne-skal-hjem-fra-afghanistan","status":"publish","type":"post","link":"https:\/\/df-nyt.dk\/blog\/naesten-hver-anden-svensker-onsker-tropperne-skal-hjem-fra-afghanistan\/","title":{"rendered":"N\u00e6sten hver anden svensker \u00f8nsker tropperne skal hjem fra Afghanistan"},"content":{"rendered":"<p><img loading=\"lazy\" decoding=\"async\" src=\"https:\/\/df-nyt.dk\/wp-content\/uploads\/191020102056.png\" alt=\"\" width=\"223\" height=\"203\" class=\"alignleft size-full \" \/><br \/>\n&nbsp;<br \/>\nDet viser en SIFO-unders\u00f8gelse som Aftonbladet fik udf\u00f8rt i g\u00e5r aftes.<\/p>\n<p>-Flere og flere mennesker er imod krig, og jeg tror, det er sundt og godt, siger Lars Ohly (V).<\/p>\n<p>Aftonbladet \/ SIFO spurgte i g\u00e5r aftes 1.000 svenskerne:<br \/>\nTycker du att Sverige ska ta hem de svenska trupperna fr\u00e5n Afghanistan eller ska de vara kvar?<\/p>\n<p>47 procent sagde ja og 36 procent sagde nej. <\/p>\n<p>Reference &#8211;<br \/>\nAftonbladet.se<br \/>\n\/\/aftonbladet.se\/nyheter\/article7978579.ab&#8221;<\/p>\n<p>For yderlig l\u00e6sning<br \/>\n<a href=\"https:\/\/df-nyt.dk\/?p=9680\"><span style=\"text-decoration: underline\">L\u00e6s-ogs\u00e5-Danske-soldater-har-det-af-helvede-til<\/span><\/a><br \/>\n&nbsp;<\/p>\n","protected":false},"excerpt":{"rendered":"<p>&nbsp; Det viser en SIFO-unders\u00f8gelse som Aftonbladet fik udf\u00f8rt i g\u00e5r aftes. -Flere og flere mennesker er imod krig, og jeg tror, det er sundt og godt, siger Lars Ohly (V). Aftonbladet \/ SIFO spurgte i g\u00e5r aftes 1.000 svenskerne: Tycker du att Sverige ska ta hem de svenska trupperna fr\u00e5n Afghanistan eller ska de [&hellip;]<\/p>\n","protected":false},"author":10,"featured_media":0,"comment_status":"open","ping_status":"closed","sticky":false,"template":"","format":"standard","meta":{"footnotes":""},"categories":[1],"tags":[],"class_list":["post-11014","post","type-post","status-publish","format-standard","hentry","category-df-nyt-dk"],"_links":{"self":[{"href":"https:\/\/df-nyt.dk\/blog\/wp-json\/wp\/v2\/posts\/11014","targetHints":{"allow":["GET"]}}],"collection":[{"href":"https:\/\/df-nyt.dk\/blog\/wp-json\/wp\/v2\/posts"}],"about":[{"href":"https:\/\/df-nyt.dk\/blog\/wp-json\/wp\/v2\/types\/post"}],"author":[{"embeddable":true,"href":"https:\/\/df-nyt.dk\/blog\/wp-json\/wp\/v2\/users\/10"}],"replies":[{"embeddable":true,"href":"https:\/\/df-nyt.dk\/blog\/wp-json\/wp\/v2\/comments?post=11014"}],"version-history":[{"count":6,"href":"https:\/\/df-nyt.dk\/blog\/wp-json\/wp\/v2\/posts\/11014\/revisions"}],"predecessor-version":[{"id":109088,"href":"https:\/\/df-nyt.dk\/blog\/wp-json\/wp\/v2\/posts\/11014\/revisions\/109088"}],"wp:attachment":[{"href":"https:\/\/df-nyt.dk\/blog\/wp-json\/wp\/v2\/media?parent=11014"}],"wp:term":[{"taxonomy":"category","embeddable":true,"href":"https:\/\/df-nyt.dk\/blog\/wp-json\/wp\/v2\/categories?post=11014"},{"taxonomy":"post_tag","embeddable":true,"href":"https:\/\/df-nyt.dk\/blog\/wp-json\/wp\/v2\/tags?post=11014"}],"curies":[{"name":"wp","href":"https:\/\/api.w.org\/{rel}","templated":true}]}}