{"id":11025,"date":"2010-10-19T22:08:48","date_gmt":"2010-10-19T21:08:48","guid":{"rendered":"http:\/\/df-nyt.dk\/?p=11025"},"modified":"2018-02-06T19:39:55","modified_gmt":"2018-02-06T18:39:55","slug":"forslag-til-begr%c3%a6nsning-af-rejsecirkus","status":"publish","type":"post","link":"https:\/\/df-nyt.dk\/blog\/forslag-til-begr%c3%a6nsning-af-rejsecirkus\/","title":{"rendered":"Forslag til begr\u00e6nsning af rejsecirkus"},"content":{"rendered":"<p><strong>Den gr\u00f8nne gruppe frems\u00e6tter nyt forslag, der kan reducere antallet af rejser kraftigt<\/strong><\/p>\n<p>Skriver SF i en pressemeddelse.<\/p>\n<p>N\u00e5r Frankrig blokerer for et opg\u00f8r med EU\u00b4s rejsecirkus, er der brug for at t\u00e6nke alternative l\u00f8sninger, hvis vi skal begr\u00e6nse det dyre og ressourcekr\u00e6vende rejseri.<\/p>\n<p>Derfor frems\u00e6tter den Gr\u00f8nne Gruppe nu et \u00e6ndringsforslag til m\u00f8dekalenderen for 2012.<\/p>\n<p>Ved at intensivere m\u00f8deugerne i Bruxelles og Strasbourg, kan hver tredje uge blive m\u00f8defri uge, hvor de enkelte medlemmer f\u00e5r mulighed for at v\u00e6re i deres hjemlande.<\/p>\n<p>Det giver ikke alene bedre tid til at pleje det politiske arbejde i de respektive hjemlande, det begr\u00e6nser ogs\u00e5 det penge &#8211; og tidsspilde, der er forbundet med de mange rejser frem og tilbage.<\/p>\n<p>Mens vi fastholder presset p\u00e5 Frankrig (der reelt tager hele Europa som gidsel), h\u00e5ber vi, at de mange rejsekritiske r\u00f8ster i parlamentet vil samle sig om vores konkrete forslag til en ny planl\u00e6gning. Skriver SF i sin pressemeddelse.<\/p>\n<p><strong>Du kan l\u00e6se mere HER<\/strong><\/p>\n<p>For yderlig l\u00e6sning.<\/p>\n<p><strong>Ledighed steget med 65 pct. p\u00e5 et \u00e5r<\/strong><\/p>\n","protected":false},"excerpt":{"rendered":"<p>Den gr\u00f8nne gruppe frems\u00e6tter nyt forslag, der kan reducere antallet af rejser kraftigt Skriver SF i en pressemeddelse. N\u00e5r Frankrig blokerer for et opg\u00f8r med EU\u00b4s rejsecirkus, er der brug for at t\u00e6nke alternative l\u00f8sninger, hvis vi skal begr\u00e6nse det dyre og ressourcekr\u00e6vende rejseri. Derfor frems\u00e6tter den Gr\u00f8nne Gruppe nu et \u00e6ndringsforslag til m\u00f8dekalenderen for [&hellip;]<\/p>\n","protected":false},"author":10,"featured_media":0,"comment_status":"open","ping_status":"closed","sticky":false,"template":"","format":"standard","meta":{"footnotes":""},"categories":[1],"tags":[],"class_list":["post-11025","post","type-post","status-publish","format-standard","hentry","category-df-nyt-dk"],"_links":{"self":[{"href":"https:\/\/df-nyt.dk\/blog\/wp-json\/wp\/v2\/posts\/11025","targetHints":{"allow":["GET"]}}],"collection":[{"href":"https:\/\/df-nyt.dk\/blog\/wp-json\/wp\/v2\/posts"}],"about":[{"href":"https:\/\/df-nyt.dk\/blog\/wp-json\/wp\/v2\/types\/post"}],"author":[{"embeddable":true,"href":"https:\/\/df-nyt.dk\/blog\/wp-json\/wp\/v2\/users\/10"}],"replies":[{"embeddable":true,"href":"https:\/\/df-nyt.dk\/blog\/wp-json\/wp\/v2\/comments?post=11025"}],"version-history":[{"count":0,"href":"https:\/\/df-nyt.dk\/blog\/wp-json\/wp\/v2\/posts\/11025\/revisions"}],"wp:attachment":[{"href":"https:\/\/df-nyt.dk\/blog\/wp-json\/wp\/v2\/media?parent=11025"}],"wp:term":[{"taxonomy":"category","embeddable":true,"href":"https:\/\/df-nyt.dk\/blog\/wp-json\/wp\/v2\/categories?post=11025"},{"taxonomy":"post_tag","embeddable":true,"href":"https:\/\/df-nyt.dk\/blog\/wp-json\/wp\/v2\/tags?post=11025"}],"curies":[{"name":"wp","href":"https:\/\/api.w.org\/{rel}","templated":true}]}}