{"id":11057,"date":"2010-10-20T14:07:05","date_gmt":"2010-10-20T13:07:05","guid":{"rendered":"http:\/\/df-nyt.dk\/?p=11057"},"modified":"2024-11-07T21:22:49","modified_gmt":"2024-11-07T20:22:49","slug":"hurra-de-danske-v%c3%a6rdier","status":"publish","type":"post","link":"https:\/\/df-nyt.dk\/blog\/hurra-de-danske-v%c3%a6rdier\/","title":{"rendered":"Hurra for de Danske v\u00e6rdier?"},"content":{"rendered":"<p><img loading=\"lazy\" decoding=\"async\" class=\"alignnone  \" src=\"https:\/\/df-nyt.dk\/wp-content\/uploads\/2010201015231.png\" alt=\"\" width=\"200\" height=\"142\" \/><\/p>\n<p>-S\u00e5 Dansk at jeg f\u00e5r lyst til at synge: <a href=\"https:\/\/df-nyt.dk\/nationalsang-i-parken\/\" rel=\"noopener\" target=\"_blank\"><span style=\"color: blue;\"><u>Der er et yndigt land<\/u><\/span><\/a>.<\/p>\n<p><img loading=\"lazy\" decoding=\"async\" class=\"size-full alignnone\" src=\"https:\/\/df-nyt.dk\/\/wp-content\/uploads\/2010201014511.png\" alt=\"201020101451\" width=\"321\" height=\"217\" \/><\/p>\n<p><img loading=\"lazy\" decoding=\"async\" class=\"size-full alignnone\" src=\"https:\/\/df-nyt.dk\/\/wp-content\/uploads\/201020101504.png\" alt=\"201020101504\" width=\"324\" height=\"243\" \/><\/p>\n<p>&#8211; Lars Barfoed var minister for familie- og forbrugeranliggender fra februar 2005 til dec. 2006.<\/p>\n<p>Hans afgang som minister skyldtes den s\u00e5kaldte k\u00f8dskandale, der kom frem efter at DRs Tv-pogram Kontant i marts 2006 havde afsl\u00f8ret gammelt k\u00f8d hos en k\u00f8dgrossist og at f\u00f8devaremyndighederne ikke havde kontrolleret virksomheden i 4 \u00e5r.<\/p>\n<p>Barfoed godkendte selv at F\u00f8devarestyrelsen kunne undlade kontrol i et \u00e5r.<\/p>\n<p>I april 2006. fik Lars Barfoed stillet et &#8220;Mistillidsvotum&#8221;, som Dansk Folkeparti dog ikke stemte for.<\/p>\n<p>Men Barfoed m\u00e5tte accepterede en uvildig unders\u00f8gelse.<br \/>\nDen 13. december 2006 kom Rigsrevisionens rapport om sagen, hvorefter Dansk Folkeparti valgte at tr\u00e6kke st\u00f8tte fra Barfoed, og han meddelte derp\u00e5, at han gik af som minister.<\/p>\n<p>At Dansk Folkeparti valgte at tr\u00e6kke sin st\u00f8tte overraskede Lars Barfoed, og han udtalte:<br \/>\n<em>Alt, hvad der er gjort p\u00e5 dette omr\u00e5de, er sket i samarbejde med Dansk Folkeparti. Det samarbejde vil jeg da gerne takke Dansk Folkeparti for at v\u00e6re med til. S\u00e5 meget st\u00f8rre er min overraskelse over, at Dansk Folkeparti nu stikker halen mellem benene og l\u00f8ber fra det, de selv har v\u00e6ret med til at gennemf\u00f8re. Det, synes jeg, er hyklerisk af Dansk Folkeparti.<\/em><\/p>\n<p>Reference<br \/>\n\/\/da.wikipedia.org \/wiki\/F\u00f8devarestyrelsen<br \/>\n\/\/da.wikipedia.org \/wiki\/Lars_Barfoed<\/p>\n<p>For yderlig l\u00e6sning<br \/>\n&nbsp;<br \/>\n<a href=\"https:\/\/df-nyt.dk\/dennis-flydtkjaer-iovrige-sa-har-vi-blokeret-for\/\" rel=\"noreferrer nofollow\"><span style=\"text-decoration: underline;\">Dennis Flydtkj\u00e6r: I\u00f8vrige s\u00e5 har vi blokeret for <\/span><\/a><br \/>\n&nbsp;<br \/>\n<a href=\"https:\/\/df-nyt.dk\/?p=33317\/\" rel=\"noreferrer nofollow\"><span style=\"text-decoration: underline;\">Dansk Folkepartis logo misbruges<\/span><\/a><\/p>\n","protected":false},"excerpt":{"rendered":"<p>-S\u00e5 Dansk at jeg f\u00e5r lyst til at synge: Der er et yndigt land. &#8211; Lars Barfoed var minister for familie- og forbrugeranliggender fra februar 2005 til dec. 2006. Hans afgang som minister skyldtes den s\u00e5kaldte k\u00f8dskandale, der kom frem efter at DRs Tv-pogram Kontant i marts 2006 havde afsl\u00f8ret gammelt k\u00f8d hos en k\u00f8dgrossist [&hellip;]<\/p>\n","protected":false},"author":10,"featured_media":0,"comment_status":"open","ping_status":"closed","sticky":false,"template":"","format":"standard","meta":{"footnotes":""},"categories":[1],"tags":[],"class_list":["post-11057","post","type-post","status-publish","format-standard","hentry","category-df-nyt-dk"],"_links":{"self":[{"href":"https:\/\/df-nyt.dk\/blog\/wp-json\/wp\/v2\/posts\/11057","targetHints":{"allow":["GET"]}}],"collection":[{"href":"https:\/\/df-nyt.dk\/blog\/wp-json\/wp\/v2\/posts"}],"about":[{"href":"https:\/\/df-nyt.dk\/blog\/wp-json\/wp\/v2\/types\/post"}],"author":[{"embeddable":true,"href":"https:\/\/df-nyt.dk\/blog\/wp-json\/wp\/v2\/users\/10"}],"replies":[{"embeddable":true,"href":"https:\/\/df-nyt.dk\/blog\/wp-json\/wp\/v2\/comments?post=11057"}],"version-history":[{"count":6,"href":"https:\/\/df-nyt.dk\/blog\/wp-json\/wp\/v2\/posts\/11057\/revisions"}],"predecessor-version":[{"id":106617,"href":"https:\/\/df-nyt.dk\/blog\/wp-json\/wp\/v2\/posts\/11057\/revisions\/106617"}],"wp:attachment":[{"href":"https:\/\/df-nyt.dk\/blog\/wp-json\/wp\/v2\/media?parent=11057"}],"wp:term":[{"taxonomy":"category","embeddable":true,"href":"https:\/\/df-nyt.dk\/blog\/wp-json\/wp\/v2\/categories?post=11057"},{"taxonomy":"post_tag","embeddable":true,"href":"https:\/\/df-nyt.dk\/blog\/wp-json\/wp\/v2\/tags?post=11057"}],"curies":[{"name":"wp","href":"https:\/\/api.w.org\/{rel}","templated":true}]}}