{"id":11101,"date":"2010-10-21T19:36:42","date_gmt":"2010-10-21T18:36:42","guid":{"rendered":"http:\/\/df-nyt.dk\/?p=11101"},"modified":"2024-10-06T19:49:24","modified_gmt":"2024-10-06T17:49:24","slug":"naesten-600-militaere-dodsfald-afghanistan","status":"publish","type":"post","link":"https:\/\/df-nyt.dk\/blog\/naesten-600-militaere-dodsfald-afghanistan\/","title":{"rendered":"N\u00e6sten 600 milit\u00e6re d\u00f8dsfald i Afghanistan i 2010."},"content":{"rendered":"<p>I en ildkamp i det \u00f8stlige Afghanistan torsdag blev en soldat fra ISAF dr\u00e6bt.<br \/>\nISAF gav ingen oplysninger om identiteten og nationaliteten p\u00e5 offeret.<\/p>\n<p>I regionen, som gr\u00e6nser op til Pakistan, er is\u00e6r amerikanske tropper aktive.<br \/>\nSiden begyndelsen af \u00e5ret, er 598 udenlandske soldater dr\u00e6bt \u00a0i Afghanistan, if\u00f8lge den uafh\u00e6ngige hjemmeside, <a href=\"http:\/\/icasualties.org\/\" target=\"_blank\" rel=\"noopener noreferrer\"><span style=\"text-decoration: underline\">\/icasualties.org<\/span><\/a>\u00a0 -der registrerer antallet af dr\u00e6bte soldater.<\/p>\n<p><img loading=\"lazy\" decoding=\"async\" class=\"size-medium  alignnone\" src=\"https:\/\/df-nyt.dk\/wp-content\/uploads\/110420131500.png\" alt=\"\" width=\"400\" height=\"393\" \/><\/p>\n<p>2010 er det blodigste \u00e5r siden krigen br\u00f8d ud i 2001.<br \/>\nI alt siden begyndelsen af krigen i Afghanistan er antallet af dr\u00e6bte n\u00e6sten 2.200 soldater,<br \/>\nfor det meste amerikanere. Skriver, -De Telegraaf<\/p>\n<p>Reference<br \/>\n<a href=\"http:\/\/icasualties.org\/\" target=\"_blank\" rel=\"noopener noreferrer\"><span style=\"text-decoration: underline;\">\/\/icasualties.org<\/span><\/a><br \/>\n\/\/telegraaf.nl\/buitenland\/Bijna_600_militaire_doden_Afghanistan<\/p>\n<p>For yderlig l\u00e6sning.<\/p>\n<p><a href=\"https:\/\/df-nyt.dk\/?p=11047\/\" target=\"_blank\" rel=\"noopener noreferrer\"><span style=\"text-decoration: underline\">Bombeekspert dr\u00e6bt af eksplosion i Afghanistan<\/span><\/a><br \/>\n&nbsp;<br \/>\n<a href=\"https:\/\/df-nyt.dk\/?p=9680\/\" target=\"_blank\" rel=\"noopener noreferrer\"><span style=\"text-decoration: underline\">Danske soldater har det af helvede til<\/span><\/a><br \/>\n&nbsp;<\/p>\n","protected":false},"excerpt":{"rendered":"<p>I en ildkamp i det \u00f8stlige Afghanistan torsdag blev en soldat fra ISAF dr\u00e6bt. ISAF gav ingen oplysninger om identiteten og nationaliteten p\u00e5 offeret. I regionen, som gr\u00e6nser op til Pakistan, er is\u00e6r amerikanske tropper aktive. Siden begyndelsen af \u00e5ret, er 598 udenlandske soldater dr\u00e6bt \u00a0i Afghanistan, if\u00f8lge den uafh\u00e6ngige hjemmeside, \/icasualties.org\u00a0 -der registrerer antallet [&hellip;]<\/p>\n","protected":false},"author":10,"featured_media":0,"comment_status":"open","ping_status":"closed","sticky":false,"template":"","format":"standard","meta":{"footnotes":""},"categories":[1],"tags":[],"class_list":["post-11101","post","type-post","status-publish","format-standard","hentry","category-df-nyt-dk"],"_links":{"self":[{"href":"https:\/\/df-nyt.dk\/blog\/wp-json\/wp\/v2\/posts\/11101","targetHints":{"allow":["GET"]}}],"collection":[{"href":"https:\/\/df-nyt.dk\/blog\/wp-json\/wp\/v2\/posts"}],"about":[{"href":"https:\/\/df-nyt.dk\/blog\/wp-json\/wp\/v2\/types\/post"}],"author":[{"embeddable":true,"href":"https:\/\/df-nyt.dk\/blog\/wp-json\/wp\/v2\/users\/10"}],"replies":[{"embeddable":true,"href":"https:\/\/df-nyt.dk\/blog\/wp-json\/wp\/v2\/comments?post=11101"}],"version-history":[{"count":4,"href":"https:\/\/df-nyt.dk\/blog\/wp-json\/wp\/v2\/posts\/11101\/revisions"}],"predecessor-version":[{"id":105201,"href":"https:\/\/df-nyt.dk\/blog\/wp-json\/wp\/v2\/posts\/11101\/revisions\/105201"}],"wp:attachment":[{"href":"https:\/\/df-nyt.dk\/blog\/wp-json\/wp\/v2\/media?parent=11101"}],"wp:term":[{"taxonomy":"category","embeddable":true,"href":"https:\/\/df-nyt.dk\/blog\/wp-json\/wp\/v2\/categories?post=11101"},{"taxonomy":"post_tag","embeddable":true,"href":"https:\/\/df-nyt.dk\/blog\/wp-json\/wp\/v2\/tags?post=11101"}],"curies":[{"name":"wp","href":"https:\/\/api.w.org\/{rel}","templated":true}]}}