{"id":11117,"date":"2010-10-22T13:29:59","date_gmt":"2010-10-22T12:29:59","guid":{"rendered":"http:\/\/df-nyt.dk\/?p=11117"},"modified":"2024-09-26T21:47:03","modified_gmt":"2024-09-26T19:47:03","slug":"dorthe-rohmann-tofting-ingelise-jensen-og-adam-engelheart-har-igen-vaeret-pa-spil-og-haegt-mogens-ud-pa-der-avis-som-de-kalder-df-nyt","status":"publish","type":"post","link":"https:\/\/df-nyt.dk\/blog\/dorthe-rohmann-tofting-ingelise-jensen-og-adam-engelheart-har-igen-vaeret-pa-spil-og-haegt-mogens-ud-pa-der-avis-som-de-kalder-df-nyt\/","title":{"rendered":"Dorthe R\u00f8hmann-Tofting: Ingelise Jensen og Adam Engelheart har igen v\u00e6ret p\u00e5 spil, og h\u00e6gt Mogens ud p\u00e5 der avis som de kalder DF-nyt"},"content":{"rendered":"<p>Dorthe R\u00f8hmann-Tofting: Ingelise Jensen og Adam Engelheart har igen v\u00e6ret p\u00e5 spil, og h\u00e6gt Mogens ud p\u00e5 der avis som de kalder DF-nyt<\/p>\n<p>Kan I der har dem p\u00e5 jeres venneliste &#8211; ikke v\u00e6re venlig at blokere dem?<\/p>\n<p><img loading=\"lazy\" decoding=\"async\" class=\"alignnone size-full \" src=\"https:\/\/df-nyt.dk\/\/wp-content\/uploads\/080420132018.png\" alt=\"080420132018\" width=\"524\" height=\"482\" \/><\/p>\n<p>Ak -det var s\u00e5 den ber\u00f8mte ytringsfrihed :- ))<\/p>\n<p><a href=\"http:\/\/shansensblog.blogspot.com\/2009\/11\/dansk-folkepartis-spidskandidater-i-syd.html\"><span style=\"text-decoration: underline\">\/\/shansensblog.blogspot.com\/2009\/11\/Dansk Folkepartis spidskandidater i Slagelse og Syd Danmark f\u00f8re valgkamp sammen med Stop Islamiseringen af Danmark<\/span><\/a><br \/>\n&nbsp;<br \/>\n<img loading=\"lazy\" decoding=\"async\" class=\"alignnone size-full \" src=\"https:\/\/df-nyt.dk\/\/wp-content\/uploads\/080420132019.png\" alt=\"080420132019\" width=\"320\" height=\"307\" \/><\/p>\n<p><img loading=\"lazy\" decoding=\"async\" class=\"alignnone size-full \" src=\"https:\/\/df-nyt.dk\/\/wp-content\/uploads\/080420132021.png\" alt=\"080420132021\" width=\"371\" height=\"463\" \/><\/p>\n<p>Opdatering, 19-06-2013<br \/>\n<a href=\"https:\/\/df-nyt.dk\/medlem-af-dansk-folkeparti-modtog-massemorderens-manifest\/\" target=\"_blank\" rel=\"noopener noreferrer\"><span style=\"text-decoration: underline;\">Medlem af Dansk Folkeparti modtog massemorderens manifest<\/span><\/a><\/p>\n<hr \/>\n<p>Anders Gravers fra Stop Islamiseringen af Danmark skriver f\u00f8lgende p\u00e5 sin hjemmeside.<\/p>\n<p><img loading=\"lazy\" decoding=\"async\" class=\"alignnone size-full \" src=\"https:\/\/df-nyt.dk\/\/wp-content\/uploads\/080420132022.png\" alt=\"080420132022\" width=\"400\" height=\"367\" \/><\/p>\n<p>Hvor kan vi mennesker v\u00e6re sm\u00e5 -Nogle mere end andre<\/p>\n<p><a href=\"http:\/\/shansensblog.blogspot.com\/2009\/11\/dansk-folkepartis-spidskandidater-i-syd.html\/\" rel=\"noopener noreferrer\"><span style=\"text-decoration: underline;\">L\u00e6s mere p\u00e5 \/\/shansensblog.blogspot.com\/2009\/11<\/span><\/a><\/p>\n<p><a href=\"http:\/\/shansensblog.blogspot.com\/2009\/11\/dansk-folkepartis-spidskandidater-i-syd.html\/\" rel=\"noopener noreferrer\"><span style=\"text-decoration: underline\">\/\/shansensblog.blogspot.com\/2009\/11\/dansk-folkepartis-spidskandidater-i-syd<\/span><\/a><\/p>\n<p>I forbindelse med afsl\u00f8ringer at at diverse kandiater fra Dansk Folkeparti under den nuv\u00e6rende kommunale valgkamp har kontakt til h\u00f8jreekstreme grupper gik Dansk Folkepartis partisekr\u00e6ter Poul Lindholm til pressen med f\u00f8lgende information.<\/p>\n<p>&#8220;Som medlem m\u00e5 man ikke have tilknytning til de grupper, uanset sammenh\u00e6ngen. Det g\u00e6lder ogs\u00e5 Facebook-venskaber og deltagelse i onlinedebatter. Vi accepterer det simpelthen ikke.&#8221; Citat af DF Poul Lindholm<\/p>\n<p>Men intet er sket- (<a href=\"http:\/\/shansensblog.blogspot.com\/2009\/11\/dansk-folkepartis-spidskandidater-i-syd.html\/\" rel=\"noopener noreferrer\"><span style=\"text-decoration: underline;\">L\u00c6S DET HER<\/span><\/a> )<br \/>\n&nbsp;<\/p>\n<p>For yderlig l\u00e6sning<\/p>\n<p><a href=\"https:\/\/df-nyt.dk\/?p=8894\/\" rel=\"noopener noreferrer\"><span style=\"text-decoration: underline;\">Anders Gravers og White Power<\/span><\/a><br \/>\n&nbsp;<br \/>\n<a href=\"https:\/\/df-nyt.dk\/?p=10849\/\" rel=\"noopener noreferrer\"><span style=\"text-decoration: underline;\">Had=Racisme=Anders- Gravers-Pedersen=SIAD-Stop-Islamiseringen-Af-Danmark<\/span><\/a><br \/>\n&nbsp;<\/p>\n","protected":false},"excerpt":{"rendered":"<p>Dorthe R\u00f8hmann-Tofting: Ingelise Jensen og Adam Engelheart har igen v\u00e6ret p\u00e5 spil, og h\u00e6gt Mogens ud p\u00e5 der avis som de kalder DF-nyt Kan I der har dem p\u00e5 jeres venneliste &#8211; ikke v\u00e6re venlig at blokere dem? Ak -det var s\u00e5 den ber\u00f8mte ytringsfrihed :- )) \/\/shansensblog.blogspot.com\/2009\/11\/Dansk Folkepartis spidskandidater i Slagelse og Syd Danmark [&hellip;]<\/p>\n","protected":false},"author":10,"featured_media":0,"comment_status":"open","ping_status":"closed","sticky":false,"template":"","format":"standard","meta":{"footnotes":""},"categories":[1],"tags":[],"class_list":["post-11117","post","type-post","status-publish","format-standard","hentry","category-df-nyt-dk"],"_links":{"self":[{"href":"https:\/\/df-nyt.dk\/blog\/wp-json\/wp\/v2\/posts\/11117","targetHints":{"allow":["GET"]}}],"collection":[{"href":"https:\/\/df-nyt.dk\/blog\/wp-json\/wp\/v2\/posts"}],"about":[{"href":"https:\/\/df-nyt.dk\/blog\/wp-json\/wp\/v2\/types\/post"}],"author":[{"embeddable":true,"href":"https:\/\/df-nyt.dk\/blog\/wp-json\/wp\/v2\/users\/10"}],"replies":[{"embeddable":true,"href":"https:\/\/df-nyt.dk\/blog\/wp-json\/wp\/v2\/comments?post=11117"}],"version-history":[{"count":2,"href":"https:\/\/df-nyt.dk\/blog\/wp-json\/wp\/v2\/posts\/11117\/revisions"}],"predecessor-version":[{"id":104906,"href":"https:\/\/df-nyt.dk\/blog\/wp-json\/wp\/v2\/posts\/11117\/revisions\/104906"}],"wp:attachment":[{"href":"https:\/\/df-nyt.dk\/blog\/wp-json\/wp\/v2\/media?parent=11117"}],"wp:term":[{"taxonomy":"category","embeddable":true,"href":"https:\/\/df-nyt.dk\/blog\/wp-json\/wp\/v2\/categories?post=11117"},{"taxonomy":"post_tag","embeddable":true,"href":"https:\/\/df-nyt.dk\/blog\/wp-json\/wp\/v2\/tags?post=11117"}],"curies":[{"name":"wp","href":"https:\/\/api.w.org\/{rel}","templated":true}]}}