{"id":11234,"date":"2010-10-25T14:28:38","date_gmt":"2010-10-25T13:28:38","guid":{"rendered":"http:\/\/df-nyt.dk\/?p=11234"},"modified":"2024-11-06T17:52:57","modified_gmt":"2024-11-06T16:52:57","slug":"bedre-barsel-eu","status":"publish","type":"post","link":"https:\/\/df-nyt.dk\/blog\/bedre-barsel-eu\/","title":{"rendered":"Bedre barsel i EU"},"content":{"rendered":"<p><img loading=\"lazy\" decoding=\"async\" class=\" size-full alignleft\" title=\"251020101522\" src=\"https:\/\/df-nyt.dk\/\/wp-content\/uploads\/251020101522.png\" width=\"278\" height=\"241\" \/><\/p>\n<p>20 ugers barsel med fuld l\u00f8n.<br \/>\nS\u00e5dan l\u00f8d den klare melding fra Europa- parlamentet i sidste uge, Skriver SF i sin pressemeddelelse <\/p>\n<p>\u2013og fors\u00e6tter<br \/>\nSt\u00e5r det til Europa parlamentet, s\u00e5 skal alle kvinder i EU have krav p\u00e5 min. 20 ugers barsel med fuld l\u00f8n i stedet for de nu g\u00e6ldende 14 uger.<br \/>\nEfter en r\u00f8dgl\u00f8dende debat, der har skabt splittelse internt i den borgerlige lejr, lykkedes det til alles overraskelse at danne flertal om nye ambiti\u00f8se barselsregler.<\/p>\n<p>Hvis direktivet bliver godkendt af medlemslandene (R\u00e5det), vil det i Danmark betyde, at de 8-12.000 danske kvinder i den private sektor, der ikke er omfattet af overenskomster, vil f\u00e5 ret til fuld l\u00f8n under barsel.<\/p>\n<p>Yderligere er direktivet en stor sejr ligestillingen, da Europas f\u00e6dre nu f\u00e5r to ugers betalt f\u00e6dreorlov.<\/p>\n<p>Op til afstemningen fors\u00f8gte erhvervslivet sig ellers med en skr\u00e6mmekampagne om, at vi med bedre barselsregler sender kvinderne tilbage til k\u00f8dgryderne (ud fra en betragtning om, at det vil v\u00e6re for dyrt at ans\u00e6tte kvinder).<\/p>\n<p>Argumentet er helt ude i hampen.<br \/>\nTv\u00e6rtimod er ordentlige barselsregler netop foruds\u00e6tningen for, at vi f\u00e5r flere kvinder ud p\u00e5 arbejdsmarkedet i Europa. Skriver SF i sin pressemeddelelse.<\/p>\n<p>Reference<br \/>\n\/\/europarl.europa.eu \/news\/public\/focus_page\/008-86242-281-10-41-901-20101008FCS86210-08-10-2010-2010\/default_p001c002_da.<\/p>\n<p>For yderlig l\u00e6sning<\/p>\n<p><a href=\"https:\/\/sf.dk\/nyheder\/\" rel=\"noopener noreferrer\" target=\"_blank\"><span style=\"text-decoration: underline\"> Seneste nyt fra SF<\/span><\/a><br \/>\n&nbsp;<br \/>\n<a href=\"https:\/\/greens-efa.eu\/en\/\" target=\"_blank\" rel=\"noopener noreferrer\"><span style=\"text-decoration: underline;\">Se den Gr\u00f8nne gruppe i parlamentet her<\/span><\/a><br \/>\n&nbsp;<\/p>\n","protected":false},"excerpt":{"rendered":"<p>20 ugers barsel med fuld l\u00f8n. S\u00e5dan l\u00f8d den klare melding fra Europa- parlamentet i sidste uge, Skriver SF i sin pressemeddelelse \u2013og fors\u00e6tter St\u00e5r det til Europa parlamentet, s\u00e5 skal alle kvinder i EU have krav p\u00e5 min. 20 ugers barsel med fuld l\u00f8n i stedet for de nu g\u00e6ldende 14 uger. Efter en [&hellip;]<\/p>\n","protected":false},"author":10,"featured_media":0,"comment_status":"open","ping_status":"closed","sticky":false,"template":"","format":"standard","meta":{"footnotes":""},"categories":[1],"tags":[],"class_list":["post-11234","post","type-post","status-publish","format-standard","hentry","category-df-nyt-dk"],"_links":{"self":[{"href":"https:\/\/df-nyt.dk\/blog\/wp-json\/wp\/v2\/posts\/11234","targetHints":{"allow":["GET"]}}],"collection":[{"href":"https:\/\/df-nyt.dk\/blog\/wp-json\/wp\/v2\/posts"}],"about":[{"href":"https:\/\/df-nyt.dk\/blog\/wp-json\/wp\/v2\/types\/post"}],"author":[{"embeddable":true,"href":"https:\/\/df-nyt.dk\/blog\/wp-json\/wp\/v2\/users\/10"}],"replies":[{"embeddable":true,"href":"https:\/\/df-nyt.dk\/blog\/wp-json\/wp\/v2\/comments?post=11234"}],"version-history":[{"count":5,"href":"https:\/\/df-nyt.dk\/blog\/wp-json\/wp\/v2\/posts\/11234\/revisions"}],"predecessor-version":[{"id":106513,"href":"https:\/\/df-nyt.dk\/blog\/wp-json\/wp\/v2\/posts\/11234\/revisions\/106513"}],"wp:attachment":[{"href":"https:\/\/df-nyt.dk\/blog\/wp-json\/wp\/v2\/media?parent=11234"}],"wp:term":[{"taxonomy":"category","embeddable":true,"href":"https:\/\/df-nyt.dk\/blog\/wp-json\/wp\/v2\/categories?post=11234"},{"taxonomy":"post_tag","embeddable":true,"href":"https:\/\/df-nyt.dk\/blog\/wp-json\/wp\/v2\/tags?post=11234"}],"curies":[{"name":"wp","href":"https:\/\/api.w.org\/{rel}","templated":true}]}}