{"id":11239,"date":"2010-10-25T14:51:47","date_gmt":"2010-10-25T13:51:47","guid":{"rendered":"http:\/\/df-nyt.dk\/?p=11239"},"modified":"2024-11-04T12:57:53","modified_gmt":"2024-11-04T11:57:53","slug":"11239","status":"publish","type":"post","link":"https:\/\/df-nyt.dk\/blog\/11239\/","title":{"rendered":"Sakharov-prisen til forudsigelig kandidat"},"content":{"rendered":"<p><iframe loading=\"lazy\" width=\"400\" height=\"225\" src=\"https:\/\/youtube.com\/embed\/4z2-x8vHLEg\" frameborder=\"0\" allow=\"accelerometer; autoplay; encrypted-media; gyroscope; picture-in-picture\" allowfullscreen><\/iframe><br \/>\n&nbsp;<br \/>\nEuropa-Parlamentets menneskerettighedspris, Sakharov-prisen,<br \/>\ng\u00e5r for tredje gang til en cubaner<\/p>\n<p>&nbsp;<br \/>\n<img loading=\"lazy\" decoding=\"async\" src=\"https:\/\/df-nyt.dk\/wp-content\/uploads\/260120132319-400x336.png\" alt=\"\" width=\"400\" height=\"336\" class=\"alignnone size-medium \" \/><br \/>\n&nbsp;<br \/>\nSakharovprisen bliver i \u00e5r tildelt den cubanske systemkritiker, Guillermo Fari\u00f1as,<br \/>\nder har k\u00e6mpet en ind\u00e6dt kamp for frigivelse af politiske fanger i Cuba.<\/p>\n<p>Der hersker ingen tvivl om, at Fari\u00f1as fortjener enorm anerkendelse for sit arbejde, men at-Sakharovprisen skal g\u00e5 til en cubaner for 3. gang i l\u00f8bet af 8 \u00e5r, er en anelse trivielt.<\/p>\n<p>Taget i betragtning hvor mange steder i verden, der findes velegnede kandidater, er det \u00e6rgerligt, at Sakharov-prisen nu er ved at udvikle sig til en politisk pris, der kun uddeles til systemkritikere af kommunistiske systemer.<\/p>\n<p><img loading=\"lazy\" decoding=\"async\" src=\"https:\/\/df-nyt.dk\/\/wp-content\/uploads\/2018\/02\/200220180723.png\" alt=\"\" width=\"289\" height=\"65\" class=\"alignnone size-full \" \/><\/p>\n<p>Prisens indflydelse skal ikke undervurderes.<br \/>\nDen etiopiske menneskerettighedsfork\u00e6mper, der kom i finalen, er blevet sat p\u00e5 fri fod efter hendes nominering, og den israelske soldaterorganisation Breaking the Silence har brudt tavsheden i Israel endnu engang.<\/p>\n<p>Selv om vi havde h\u00e5bet, at der havde v\u00e6ret nok mod til at k\u00e5re den kontroversielle Breaking the Silence, ser vi at nomineringen i sig selv har sat skub i den tiltr\u00e6ngte debat i Israel. Skriver SF i sin pressemeddelelse.<\/p>\n<p>For yderlig l\u00e6sning.<\/p>\n<p><a href=\"https:\/\/df-nyt.dk\/?p=10027\/\" target=\"_blank\" rel=\"noopener noreferrer\"><span style=\"text-decoration: underline;\">Israelsk NGO, Breaking the Silence nomineret til Sakharovprisen<\/span><\/a><br \/>\n&nbsp;<\/p>\n<p><a href=\"https:\/\/sf.dk\/nyheder\/\" rel=\"noreferrer nofollow\"><span style=\"text-decoration: underline\">sf.dk\/seneste-nyt<\/span><\/a><br \/>\n&nbsp;<\/p>\n","protected":false},"excerpt":{"rendered":"<p>&nbsp; Europa-Parlamentets menneskerettighedspris, Sakharov-prisen, g\u00e5r for tredje gang til en cubaner &nbsp; &nbsp; Sakharovprisen bliver i \u00e5r tildelt den cubanske systemkritiker, Guillermo Fari\u00f1as, der har k\u00e6mpet en ind\u00e6dt kamp for frigivelse af politiske fanger i Cuba. Der hersker ingen tvivl om, at Fari\u00f1as fortjener enorm anerkendelse for sit arbejde, men at-Sakharovprisen skal g\u00e5 til en [&hellip;]<\/p>\n","protected":false},"author":10,"featured_media":0,"comment_status":"open","ping_status":"closed","sticky":false,"template":"","format":"standard","meta":{"footnotes":""},"categories":[1],"tags":[],"class_list":["post-11239","post","type-post","status-publish","format-standard","hentry","category-df-nyt-dk"],"_links":{"self":[{"href":"https:\/\/df-nyt.dk\/blog\/wp-json\/wp\/v2\/posts\/11239","targetHints":{"allow":["GET"]}}],"collection":[{"href":"https:\/\/df-nyt.dk\/blog\/wp-json\/wp\/v2\/posts"}],"about":[{"href":"https:\/\/df-nyt.dk\/blog\/wp-json\/wp\/v2\/types\/post"}],"author":[{"embeddable":true,"href":"https:\/\/df-nyt.dk\/blog\/wp-json\/wp\/v2\/users\/10"}],"replies":[{"embeddable":true,"href":"https:\/\/df-nyt.dk\/blog\/wp-json\/wp\/v2\/comments?post=11239"}],"version-history":[{"count":8,"href":"https:\/\/df-nyt.dk\/blog\/wp-json\/wp\/v2\/posts\/11239\/revisions"}],"predecessor-version":[{"id":106464,"href":"https:\/\/df-nyt.dk\/blog\/wp-json\/wp\/v2\/posts\/11239\/revisions\/106464"}],"wp:attachment":[{"href":"https:\/\/df-nyt.dk\/blog\/wp-json\/wp\/v2\/media?parent=11239"}],"wp:term":[{"taxonomy":"category","embeddable":true,"href":"https:\/\/df-nyt.dk\/blog\/wp-json\/wp\/v2\/categories?post=11239"},{"taxonomy":"post_tag","embeddable":true,"href":"https:\/\/df-nyt.dk\/blog\/wp-json\/wp\/v2\/tags?post=11239"}],"curies":[{"name":"wp","href":"https:\/\/api.w.org\/{rel}","templated":true}]}}