{"id":11266,"date":"2010-10-26T16:05:43","date_gmt":"2010-10-26T15:05:43","guid":{"rendered":"http:\/\/df-nyt.dk\/?p=11266"},"modified":"2017-01-25T09:30:18","modified_gmt":"2017-01-25T08:30:18","slug":"kun-en-ny-regering-kan-rette-op-pa-%c3%b8konomien","status":"publish","type":"post","link":"https:\/\/df-nyt.dk\/blog\/kun-en-ny-regering-kan-rette-op-pa-%c3%b8konomien\/","title":{"rendered":"Kun en ny regering kan rette op p\u00e5 \u00f8konomien"},"content":{"rendered":"<p><strong>Kun en ny regering kan rette op p\u00e5 \u00f8konomien \u00a0<\/strong><\/p>\n<p><strong>I dag har vism\u00e6ndene fremlagt sin efter\u00e5rsrapport. Konklusionen er klar: <\/strong><\/p>\n<p>Regeringens genopretningsplan er sent til t\u00e6lling, og der er behov for en ny \u00f8konomisk plan frem mod 2020, som blandt andet indeholder en efterl\u00f8nsreform.<\/p>\n<p>Skriver de radikale i en pressemeddelse &#8211;\u00a0Og forts\u00e6tter:<\/p>\n<p>Radikale Venstre lytter.<\/p>\n<p>Der er gr\u00e6nser for l\u00e6nge man kan sidde de uafh\u00e6ngige \u00f8konomers anbefaling overh\u00f8rig, siger Morten \u00d8stergaard.<\/p>\n<p>&#8220;Der er to ting, der st\u00e5r klart p\u00e5 baggrund af vism\u00e6ndenes efter\u00e5rsrapport:<\/p>\n<p>Regeringen har totalt mistet grebet om den \u00f8konomiske politik, og det bliver en bunden opgave for en ny regering at levere den trov\u00e6rdige \u00f8konomiplan, som Danmark har brug for,&#8221; konstaterer Radikale Venstres finansordf\u00f8rer, Morten \u00d8stergaard, efter at have l\u00e6st vismandsrapporten.<\/p>\n<p>&#8220;\u00d8konomer har f\u00f8r sagt, at man ikke kommer uden om en efterl\u00f8nsreform.<\/p>\n<p>At vism\u00e6ndene nu gentager det, og samtidig med tal viser, hvor effektiv en s\u00e5dan reform er, g\u00f8r det blot mere presserende at komme i gang med reformarbejdet,&#8221; siger Morten \u00d8stergaard.<\/p>\n<p>Vism\u00e6ndene konkluderer &#8211; p\u00e5 linie med tidligere beregninger fra Radikale Venstre &#8211; at selv med regeringens genopretningsplan vil underskuddet p\u00e5 den offentlige saldo v\u00e6re tordnende stort i 2020.<\/p>\n<p>Det skyldes, at aldringen i befolkningen nu s\u00e6tter ind og medf\u00f8rer mangel p\u00e5 arbejdskraft.<\/p>\n<p>&#8220;Det st\u00e5r klart for Radikale Venstre, at en ny plan med m\u00e5l for nedbringelse af underskud og reformer der virker bliver en ny regerings vigtigste opgave.<\/p>\n<p>Om bare f\u00e5 \u00e5r vil vi mangle h\u00e6nder og hoveder p\u00e5 arbejdsmarkedet, og det giver derfor ingen mening at sende dem p\u00e5 efterl\u00f8n med statstilskud,&#8221; siger Morten \u00d8stergaard. If\u00f8lge en pressemeddelse fra Det Radikale Venstre.<\/p>\n<p><strong>For yderlig l\u00e6sning<\/strong><\/p>\n<p>Radikale Venstre <strong><a href=\"http:\/\/www.radikale.dk\">www.radikale.dk<\/a><\/strong><\/p>\n","protected":false},"excerpt":{"rendered":"<p>Kun en ny regering kan rette op p\u00e5 \u00f8konomien \u00a0 I dag har vism\u00e6ndene fremlagt sin efter\u00e5rsrapport. Konklusionen er klar: Regeringens genopretningsplan er sent til t\u00e6lling, og der er behov for en ny \u00f8konomisk plan frem mod 2020, som blandt andet indeholder en efterl\u00f8nsreform. Skriver de radikale i en pressemeddelse &#8211;\u00a0Og forts\u00e6tter: Radikale Venstre lytter. [&hellip;]<\/p>\n","protected":false},"author":10,"featured_media":0,"comment_status":"open","ping_status":"closed","sticky":false,"template":"","format":"standard","meta":{"footnotes":""},"categories":[1],"tags":[],"class_list":["post-11266","post","type-post","status-publish","format-standard","hentry","category-df-nyt-dk"],"_links":{"self":[{"href":"https:\/\/df-nyt.dk\/blog\/wp-json\/wp\/v2\/posts\/11266","targetHints":{"allow":["GET"]}}],"collection":[{"href":"https:\/\/df-nyt.dk\/blog\/wp-json\/wp\/v2\/posts"}],"about":[{"href":"https:\/\/df-nyt.dk\/blog\/wp-json\/wp\/v2\/types\/post"}],"author":[{"embeddable":true,"href":"https:\/\/df-nyt.dk\/blog\/wp-json\/wp\/v2\/users\/10"}],"replies":[{"embeddable":true,"href":"https:\/\/df-nyt.dk\/blog\/wp-json\/wp\/v2\/comments?post=11266"}],"version-history":[{"count":0,"href":"https:\/\/df-nyt.dk\/blog\/wp-json\/wp\/v2\/posts\/11266\/revisions"}],"wp:attachment":[{"href":"https:\/\/df-nyt.dk\/blog\/wp-json\/wp\/v2\/media?parent=11266"}],"wp:term":[{"taxonomy":"category","embeddable":true,"href":"https:\/\/df-nyt.dk\/blog\/wp-json\/wp\/v2\/categories?post=11266"},{"taxonomy":"post_tag","embeddable":true,"href":"https:\/\/df-nyt.dk\/blog\/wp-json\/wp\/v2\/tags?post=11266"}],"curies":[{"name":"wp","href":"https:\/\/api.w.org\/{rel}","templated":true}]}}