{"id":11270,"date":"2010-10-26T20:16:57","date_gmt":"2010-10-26T19:16:57","guid":{"rendered":"http:\/\/df-nyt.dk\/?p=11270"},"modified":"2025-07-19T09:41:57","modified_gmt":"2025-07-19T07:41:57","slug":"forklaedt-som-nazist-en-arhushistorie-med-relationer-til-facebook","status":"publish","type":"post","link":"https:\/\/df-nyt.dk\/blog\/forklaedt-som-nazist-en-arhushistorie-med-relationer-til-facebook\/","title":{"rendered":"&#8216;Forkl\u00e6dt som nazist &#8211; en \u00c5rhushistorie&#8217; med relationer til FaceBook"},"content":{"rendered":"<p><img loading=\"lazy\" decoding=\"async\" class=\"alignleft size-full \" src=\"https:\/\/df-nyt.dk\/\/wp-content\/uploads\/300120131018.png\" alt=\"300120131018\" width=\"230\" height=\"225\" \/><\/p>\n<p>Forkl\u00e6dt som Racist &#8211; en \u00c5rhushistorie<br \/>\nForkl\u00e6dt som Racist \u2013 en \u00c5rhushistorie med relationer til FaceBook<\/p>\n<p>Bogen fort\u00e6ller historien om Charlotte Johannsen, en ung kvinde, der var blevet tr\u00e6t af den narzistiske vold i \u00c5rhus, og derfor valgte at infiltrere det h\u00f8jreekstreme milj\u00f8. Skriver man p\u00e5 hjemmesiden, \/\/Redox.dk<\/p>\n<p>Et milj\u00f8 som vi ogs\u00e5 kan finde p\u00e5 Facebook.<br \/>\nMargrethe S. Hansen skrev om milj\u00f8et p\u00e5 Netavisen, P77.dk, i artiklerne<br \/>\nForkl\u00e6dt som Racist p\u00e5 Facebook 1 Racisten Bjarke Jensen<br \/>\nForkl\u00e6dt som Racist p\u00e5 Facebook 2 Det h\u00f8jreradikale netv\u00e6rk<br \/>\nForkl\u00e6dt som racist p\u00e5 Facebook 3 Danske soldater i voldeligt SIAD vagtv\u00e6rn<\/p>\n<p>Som du kan l\u00e6se &#8211; eller genl\u00e6se p\u00e5 Netavisen p77.dk \/radikalisering<br \/>\nNogle meget afsl\u00f8rende artikler, som fort\u00e6ller mere mellem linjerne,<br \/>\nend man umiddelbart regner med.<\/p>\n<p>&#8211; Dagbladet politiken afslutter sin artikel med ordene<br \/>\n<em>&#8220;-Nyhedsmedier og Redox har dokumenteret, hvem hovedpersonerne er, og hvad der sker.<\/em><br \/>\n<em>&#8211; S\u00e5 Charlotte Johannsen har ikke \u00e6ndret p\u00e5 noget i \u00c5rhus, hvad hun selv erkender i et efterord i bogen. Det var nok ogs\u00e5 naivt at tro.<\/em><br \/>\n<em>Til geng\u00e6ld kan b\u00e5de den forkl\u00e6dte narzist og alle vi andre med rette sp\u00f8rge:<\/em><br \/>\n<em>Hvorfor i alverden kan politi og andre myndigheder i \u00c5rhus ikke standse vanviddet i Smilets og Charlotte Johannsens hjemby?<\/em><\/p>\n<p>Den samme tanke \u00a0har da strejfet mange gange &#8211; Hvorfor?<\/p>\n<p><img loading=\"lazy\" decoding=\"async\" class=\"size-alignnone\" src=\"https:\/\/df-nyt.dk\/wp-content\/uploads\/300120131019.png\" alt=\"\" width=\"150\" height=\"150\" \/><\/p>\n<p>Foto: Charlotte Johannsen (i midten med udsl\u00e5et h\u00e5r), flankeret af Kenni Christensen (tidl. bestyrelsesmedlem i Vederf\u00f8lner), Jan Wolthers Nielsen (White Pride) og Bianca Kristensen (Vederf\u00f8lner) p\u00e5 Br\u00f8ndby Stadion til Br\u00f8ndby-AGF, 15. marts 2009.. marts 2009. Billedet er fra<span style=\"text-decoration: underline\">\/Redox.dk<\/span><\/p>\n<p>Jeg kender da godt Bianca Kristensen, &#8211; har modtaget flere beskeder fra hende.<br \/>\nHer er et par varepr\u00f8ver!<\/p>\n<p><img loading=\"lazy\" decoding=\"async\" class=\"size-full  alignnone\" src=\"https:\/\/df-nyt.dk\/\/wp-content\/uploads\/261020102109.png\" alt=\"261020102109\" width=\"487\" height=\"191\" \/><\/p>\n<p><img loading=\"lazy\" decoding=\"async\" class=\"size-medium alignnone\" src=\"https:\/\/df-nyt.dk\/wp-content\/uploads\/300120131023.png\" alt=\"\" width=\"400\" height=\"221\" \/><\/p>\n<p>Reference<br \/>\nNetavisen, P77.dk<br \/>\nHjemmesiden, \/\/politiken.dk \/kultur\/boger\/faglitteratur_boger\/ECE1093195\/efter-kontortid-var-hun-en-naiv-nazist<\/p>\n<p><a href=\"https:\/\/p77.dk\/radikalisering\/69-radikalisering-danmark\/249-forklaedt-som-racist-pa-facebook-racisten-bjarke-jensen\" target=\"_blank\" rel=\"noopener noreferrer\"><span style=\"text-decoration: underline\">Netavisen P77.dk   \/\/p77.dk\/radikalisering\/69-radikalisering-danmark\/forklaedt-som-racist-pa-facebook-racisten-bjarke-jensen<\/span><\/a><\/p>\n<p>For yderlig l\u00e6sning<\/p>\n<p><a href=\"https:\/\/df-nyt.dk\/?p=11475\/\" rel=\"noopener noreferrer\"><span style=\"text-decoration: underline\">Forkl\u00e6dt som nazist \u2013en \u00c5rhushistorie \u2013Til vejfest med \u2018barndommen\u2019<\/span><\/a><br \/>\nDer kan du m\u00e5ske l\u00e6se f\u00f8rste kapitel af bogen<br \/>\n&nbsp;<\/p>\n","protected":false},"excerpt":{"rendered":"<p>Forkl\u00e6dt som Racist &#8211; en \u00c5rhushistorie Forkl\u00e6dt som Racist \u2013 en \u00c5rhushistorie med relationer til FaceBook Bogen fort\u00e6ller historien om Charlotte Johannsen, en ung kvinde, der var blevet tr\u00e6t af den narzistiske vold i \u00c5rhus, og derfor valgte at infiltrere det h\u00f8jreekstreme milj\u00f8. Skriver man p\u00e5 hjemmesiden, \/\/Redox.dk Et milj\u00f8 som vi ogs\u00e5 kan finde [&hellip;]<\/p>\n","protected":false},"author":10,"featured_media":0,"comment_status":"open","ping_status":"closed","sticky":false,"template":"","format":"standard","meta":{"footnotes":""},"categories":[1],"tags":[],"class_list":["post-11270","post","type-post","status-publish","format-standard","hentry","category-df-nyt-dk"],"_links":{"self":[{"href":"https:\/\/df-nyt.dk\/blog\/wp-json\/wp\/v2\/posts\/11270","targetHints":{"allow":["GET"]}}],"collection":[{"href":"https:\/\/df-nyt.dk\/blog\/wp-json\/wp\/v2\/posts"}],"about":[{"href":"https:\/\/df-nyt.dk\/blog\/wp-json\/wp\/v2\/types\/post"}],"author":[{"embeddable":true,"href":"https:\/\/df-nyt.dk\/blog\/wp-json\/wp\/v2\/users\/10"}],"replies":[{"embeddable":true,"href":"https:\/\/df-nyt.dk\/blog\/wp-json\/wp\/v2\/comments?post=11270"}],"version-history":[{"count":5,"href":"https:\/\/df-nyt.dk\/blog\/wp-json\/wp\/v2\/posts\/11270\/revisions"}],"predecessor-version":[{"id":109198,"href":"https:\/\/df-nyt.dk\/blog\/wp-json\/wp\/v2\/posts\/11270\/revisions\/109198"}],"wp:attachment":[{"href":"https:\/\/df-nyt.dk\/blog\/wp-json\/wp\/v2\/media?parent=11270"}],"wp:term":[{"taxonomy":"category","embeddable":true,"href":"https:\/\/df-nyt.dk\/blog\/wp-json\/wp\/v2\/categories?post=11270"},{"taxonomy":"post_tag","embeddable":true,"href":"https:\/\/df-nyt.dk\/blog\/wp-json\/wp\/v2\/tags?post=11270"}],"curies":[{"name":"wp","href":"https:\/\/api.w.org\/{rel}","templated":true}]}}