{"id":11297,"date":"2010-10-27T06:22:22","date_gmt":"2010-10-27T05:22:22","guid":{"rendered":"http:\/\/df-nyt.dk\/?p=11297"},"modified":"2026-01-10T17:41:07","modified_gmt":"2026-01-10T16:41:07","slug":"vko-har-smadret-dansk-%c3%b8konomi","status":"publish","type":"post","link":"https:\/\/df-nyt.dk\/blog\/vko-har-smadret-dansk-%c3%b8konomi\/","title":{"rendered":"VKO har smadret dansk \u00f8konomi"},"content":{"rendered":"<p><iframe loading=\"lazy\" src=\"https:\/\/youtube.com\/embed\/tI9dHOf5Qsc? \" width=\"400\" height=\"225\" frameborder=\"0\"><\/iframe><\/p>\n<p><img loading=\"lazy\" decoding=\"async\" class=\" alignleft\" src=\"https:\/\/df-nyt.dk\/wp-content\/uploads\/271020100720.png\" alt=\"\" width=\"150\" height=\"150\" \/><\/p>\n<p>Om senest et \u00e5r er det er slut for VKO. Det er det fordi, det er en kendsgerning, at langt de fleste danskere vil m\u00e6rke, at regeringen har brugt alt for mange penge og kr\u00e6vet for f\u00e5 ind.<br \/>\nDer skal spares p\u00e5 sygehuse, folkeskole, daginstitutioner og hjemmehj\u00e6lp.<br \/>\nVores gigantisk underskud p\u00e5 statens finanser er det st\u00f8rste problem.<\/p>\n<p>N\u00e5r vi s\u00e5 till\u00e6gger den stigende ledighed, lav eksport og generel lav v\u00e6kst er det helt galt.<\/p>\n<p>Regeringen overh\u00f8rte alle advarsler.<br \/>\nTrods utallige foruroligende signaler lod man b\u00e5de den offentlige sektor vokse, gav skattelettelser til de velbj\u00e6rgede og hev os med i krige s\u00e5 Fogh kunne blive generalsekret\u00e6r.<\/p>\n<p>Samtidig undlod regeringen at gennemf\u00f8re upopul\u00e6re reformer af dagpengesystemet og efterl\u00f8nnen. Regeringen fastholdt st\u00e6digt, at alt var rosenr\u00f8dt.<\/p>\n<p>Befolkningen \u00e5d det hele r\u00e5d for der blev jo r\u00e5d til overforbrug.<br \/>\nDe lave renter samt regeringens frigivelse af SP-midler, og de ufinansierede skattelettelser fra 2007 og den i f\u00f8rste omgang underfinansierede skattereform, har givet befolkningen et stort \u00f8konomisk r\u00e5derum.<\/p>\n<p>Nu lader de s\u00e5 som om, at alle de penge de s\u00f8rgede for blev br\u00e6ndt af, og som blandt andet nu st\u00e5r ubrugeligt fastl\u00e5st i form af &#8220;samtalek\u00f8kkener&#8221;, og firhjulstr\u00e6kkere, INTET har at g\u00f8re med de penge, der nu skal spares.<\/p>\n<p>-Alts\u00e5, at det ingen konsekvenser har at overophede sin \u00f8konomi, og at det blot er kommunerne, der bruger for mange penge, s\u00e5 derfor skal der nu IGEN spares i kommunerne.<\/p>\n<p>Reference<br \/>\n<a href=\"https:\/\/per4jensen.wordpress.com\" rel=\"noopener\" target=\"_blank\"><span style=\"color: blue;\"><u>\/\/perjensen.dk\/perjensen.dk<\/u><\/span><\/a><br \/>\n&nbsp;<\/p>\n","protected":false},"excerpt":{"rendered":"<p>Om senest et \u00e5r er det er slut for VKO. Det er det fordi, det er en kendsgerning, at langt de fleste danskere vil m\u00e6rke, at regeringen har brugt alt for mange penge og kr\u00e6vet for f\u00e5 ind. Der skal spares p\u00e5 sygehuse, folkeskole, daginstitutioner og hjemmehj\u00e6lp. Vores gigantisk underskud p\u00e5 statens finanser er det [&hellip;]<\/p>\n","protected":false},"author":10,"featured_media":0,"comment_status":"open","ping_status":"closed","sticky":false,"template":"","format":"standard","meta":{"footnotes":""},"categories":[1],"tags":[],"class_list":["post-11297","post","type-post","status-publish","format-standard","hentry","category-df-nyt-dk"],"_links":{"self":[{"href":"https:\/\/df-nyt.dk\/blog\/wp-json\/wp\/v2\/posts\/11297","targetHints":{"allow":["GET"]}}],"collection":[{"href":"https:\/\/df-nyt.dk\/blog\/wp-json\/wp\/v2\/posts"}],"about":[{"href":"https:\/\/df-nyt.dk\/blog\/wp-json\/wp\/v2\/types\/post"}],"author":[{"embeddable":true,"href":"https:\/\/df-nyt.dk\/blog\/wp-json\/wp\/v2\/users\/10"}],"replies":[{"embeddable":true,"href":"https:\/\/df-nyt.dk\/blog\/wp-json\/wp\/v2\/comments?post=11297"}],"version-history":[{"count":6,"href":"https:\/\/df-nyt.dk\/blog\/wp-json\/wp\/v2\/posts\/11297\/revisions"}],"predecessor-version":[{"id":111106,"href":"https:\/\/df-nyt.dk\/blog\/wp-json\/wp\/v2\/posts\/11297\/revisions\/111106"}],"wp:attachment":[{"href":"https:\/\/df-nyt.dk\/blog\/wp-json\/wp\/v2\/media?parent=11297"}],"wp:term":[{"taxonomy":"category","embeddable":true,"href":"https:\/\/df-nyt.dk\/blog\/wp-json\/wp\/v2\/categories?post=11297"},{"taxonomy":"post_tag","embeddable":true,"href":"https:\/\/df-nyt.dk\/blog\/wp-json\/wp\/v2\/tags?post=11297"}],"curies":[{"name":"wp","href":"https:\/\/api.w.org\/{rel}","templated":true}]}}