{"id":11301,"date":"2010-10-27T06:41:36","date_gmt":"2010-10-27T05:41:36","guid":{"rendered":"http:\/\/df-nyt.dk\/?p=11301"},"modified":"2016-05-16T10:30:14","modified_gmt":"2016-05-16T08:30:14","slug":"frankrigs-problem-og-alle-andres-problem","status":"publish","type":"post","link":"https:\/\/df-nyt.dk\/blog\/frankrigs-problem-og-alle-andres-problem\/","title":{"rendered":"Frankrigs problem \u2013 og alle andres problem"},"content":{"rendered":"<p><strong>3,5 millioner franskm\u00e6nd var p\u00e5 gaden i sidste uge for at demonstrere mod regeringens planer om at h\u00e6ve pensionsalderen fra 60 til 62 \u00e5r. <\/strong><\/p>\n<p><strong>Frankrig er imidlertid ikke det eneste land i Europa, der har problemer med at finansiere, at der bliver flere \u00e6ldre i fremtiden.<\/strong><\/p>\n<p>F\u00e6rre unge og flere \u00e6ldre.<\/p>\n<p>Det er den simple og alligevel voldsomt komplicerede udfordring, som alle lande i Europa st\u00e5r overfor i den kommende \u00e5rtier.<\/p>\n<p>En af udfordringerne er, hvordan vi sikrer, at fremtidens \u00e6ldre f\u00e5r en god pensionsalder og har r\u00e5d til et ordentligt tilv\u00e6relse efter livet p\u00e5 arbejdsmarkedet.<\/p>\n<p>De offentlige budgetter er under pres, og en l\u00f8sning er at h\u00e6ve pensionsalderen, som vi gjorde i Danmark for nogle \u00e5r siden, og som nu i Frankrig har udl\u00f8st voldsomme folkelige protester.<\/p>\n<p>I Danmark er vi relativt godt rustet til fremtiden.<\/p>\n<p>Dels har vi h\u00e6vet pensionsalderen, dels er vi gode til at spare op til vores alderdom i form af private pensionsordninger.<\/p>\n<p>Men de private pensionsopsparinger er heller ikke uproblematiske.<\/p>\n<p>Det s\u00e5 vi tydeligt for et par \u00e5r siden, hvor mange danskeres pensionsopsparing p\u00e5 kort tid pludselig blev meget mindre v\u00e6rd grundet kollapset p\u00e5 finansmarkederne. <strong>Europa st\u00e5r over for en r\u00e6kke f\u00e6lles udfordringer, og nogle af l\u00f8sningerne kan m\u00e5ske derfor vise sig at findes p\u00e5 europ\u00e6isk plan.<\/strong><\/p>\n<p>Et eksempel kunne v\u00e6re at lave f\u00e6lles EU-krav til, hvor godt et pensionsselskab skal v\u00e6re polstret, s\u00e5 vi ikke igen risikerer, at pensionsopsparinger bliver h\u00e5rdt ramt af en international finanskrise.<\/p>\n<p>&#8220;Et andet eksempel er at sikre, at arbejdstagere ikke mister deres pensioner, hvis de arbejder i flere EU-lande.<\/p>\n<p>Men EU skal holde sig fra at definere, hvordan pensionssystemerne konkret skal indrettes.<\/p>\n<p>Eksempelvis fik Kommissionen for nyligt medhold ved EF domstolen, da den kr\u00e6vede at de tyske arbejdsmarkedspensioner skulle i udbud.<\/p>\n<p>EU-Kommissonen udgav denne sommer en s\u00e5kaldt gr\u00f8nbog, der fors\u00f8ger at pege p\u00e5 nogle af udfordringerne.<\/p>\n<p><strong>Gr\u00f8nbogen er sendt i h\u00f8ring, og alle interesserede kan inden den 15. november give sit besyv med og svare p\u00e5 de 14 sp\u00f8rgsm\u00e5l, der bliver stillet i gr\u00f8nbogen. <\/strong>Skriver SF i en pressemeddelse.<\/p>\n<p><strong><a href=\"http:\/\/europa.eu\/rapid\/pressReleasesAction.do?reference=MEMO\/10\/302&amp;format=HTML&amp;aged=0&amp;language=DA&amp;guiLanguage=en\">L\u00e6s mere HER<\/a><\/strong><\/p>\n<p><strong>L\u00e6s mere EU-stof hos SF HER <\/strong><\/p>\n<p><strong>**************************************************************** <\/strong><\/p>\n","protected":false},"excerpt":{"rendered":"<p>3,5 millioner franskm\u00e6nd var p\u00e5 gaden i sidste uge for at demonstrere mod regeringens planer om at h\u00e6ve pensionsalderen fra 60 til 62 \u00e5r. Frankrig er imidlertid ikke det eneste land i Europa, der har problemer med at finansiere, at der bliver flere \u00e6ldre i fremtiden. F\u00e6rre unge og flere \u00e6ldre. Det er den simple [&hellip;]<\/p>\n","protected":false},"author":10,"featured_media":0,"comment_status":"open","ping_status":"closed","sticky":false,"template":"","format":"standard","meta":{"footnotes":""},"categories":[1],"tags":[],"class_list":["post-11301","post","type-post","status-publish","format-standard","hentry","category-df-nyt-dk"],"_links":{"self":[{"href":"https:\/\/df-nyt.dk\/blog\/wp-json\/wp\/v2\/posts\/11301","targetHints":{"allow":["GET"]}}],"collection":[{"href":"https:\/\/df-nyt.dk\/blog\/wp-json\/wp\/v2\/posts"}],"about":[{"href":"https:\/\/df-nyt.dk\/blog\/wp-json\/wp\/v2\/types\/post"}],"author":[{"embeddable":true,"href":"https:\/\/df-nyt.dk\/blog\/wp-json\/wp\/v2\/users\/10"}],"replies":[{"embeddable":true,"href":"https:\/\/df-nyt.dk\/blog\/wp-json\/wp\/v2\/comments?post=11301"}],"version-history":[{"count":0,"href":"https:\/\/df-nyt.dk\/blog\/wp-json\/wp\/v2\/posts\/11301\/revisions"}],"wp:attachment":[{"href":"https:\/\/df-nyt.dk\/blog\/wp-json\/wp\/v2\/media?parent=11301"}],"wp:term":[{"taxonomy":"category","embeddable":true,"href":"https:\/\/df-nyt.dk\/blog\/wp-json\/wp\/v2\/categories?post=11301"},{"taxonomy":"post_tag","embeddable":true,"href":"https:\/\/df-nyt.dk\/blog\/wp-json\/wp\/v2\/tags?post=11301"}],"curies":[{"name":"wp","href":"https:\/\/api.w.org\/{rel}","templated":true}]}}