{"id":11318,"date":"2010-10-27T14:11:19","date_gmt":"2010-10-27T13:11:19","guid":{"rendered":"http:\/\/df-nyt.dk\/?p=11318"},"modified":"2024-11-26T16:56:36","modified_gmt":"2024-11-26T15:56:36","slug":"formand-i-dansk-folkeparti-til-debatm%c3%b8de-if%c3%b8rt-uniform-camouflaget%c3%b8j-og-store-milit%c3%a6rst%c3%b8vler","status":"publish","type":"post","link":"https:\/\/df-nyt.dk\/blog\/formand-i-dansk-folkeparti-til-debatm%c3%b8de-if%c3%b8rt-uniform-camouflaget%c3%b8j-og-store-milit%c3%a6rst%c3%b8vler\/","title":{"rendered":"Formand i Dansk Folkeparti til debatm\u00f8de if\u00f8rt uniform, camouflaget\u00f8j og store milit\u00e6rst\u00f8vler"},"content":{"rendered":"<p><img loading=\"lazy\" decoding=\"async\" class=\"size-full alignleft\" src=\"https:\/\/df-nyt.dk\/\/wp-content\/uploads\/281220122234.png\" alt=\"281220122234\" width=\"233\" height=\"194\" \/><br \/>\n&nbsp;<br \/>\nFormand i Dansk Folkeparti til debatm\u00f8de if\u00f8rt uniform, camouflaget\u00f8j og store milit\u00e6rst\u00f8vler<\/p>\n<p>Dansk Folkepartis lokalformand i Lyngby-Taarb\u00e6k Dennis Bo S\u00f8rensen m\u00f8dte op if\u00f8rt hjemmev\u00e6rnsuniform, camouflaget\u00f8j og store milit\u00e6rst\u00f8vler, til et debatm\u00f8de om krigen i Afghanistan p\u00e5 det lokale bibliotek.<\/p>\n<p>Det er i strid med Hjemmev\u00e6rnets regler, og overtr\u00e6delsen af uniformsbestemmelserne som vil blive p\u00e5talt over for den p\u00e5g\u00e6ldende i forventning om, at det ikke gentager sig.<\/p>\n<p>Men er det godt nok?<br \/>\n&nbsp;<br \/>\n<img loading=\"lazy\" decoding=\"async\" class=\"size-full  alignleft\" src=\"https:\/\/df-nyt.dk\/\/wp-content\/uploads\/281220122236.png\" alt=\"281220122236\" width=\"209\" height=\"193\" \/><\/p>\n<p>Viceborgmester Simon Pihl S\u00f8rensen (S)<br \/>\n&#8220;Det ender med at blive fjolsernes vagtparade&#8221;.<\/p>\n<p>DF-formand Dennis Bo S\u00f8rensens optr\u00e6den i uniform til et debatm\u00f8de om krig er i f\u00f8lge viceborgmester Simon Pihl S\u00f8rensen et klokkeklart misbrug af Hjemmev\u00e6rnet<br \/>\n&nbsp;<\/p>\n<p>Reference<br \/>\n\/\/lyngby-taarbaek.lokalavisen.dk \/viceborgmester-det-ender-med-at-blive-fjolsernes-vagtparade-\/20101027\/artikler\/101029343.<\/p>\n<p>For yderlig l\u00e6sning.<\/p>\n<p><a href=\"https:\/\/df-nyt.dk\/?p=11401\/\" target=\"_blank\" rel=\"noopener noreferrer\"><span style=\"text-decoration: underline\">Er det iorden at bruge en Nazi-U-B\u00e5ds-helt som profilbillede?<\/span><\/a><br \/>\n&nbsp;<br \/>\n<a href=\"https:\/\/df-nyt.dk\/?p=11343\/\" target=\"_blank\" rel=\"noopener noreferrer\"><span style=\"text-decoration: underline\">Dansk Folkeparti formand p\u00e5 Facebook med profilbillede fra filmen, Das Boot<\/span><\/a><br \/>\n&nbsp;<br \/>\n<a href=\"http:\/\/tosseanstalten.wordpress.com\/2013\/08\/01\/dansk-folkepartis-byradskanditat-i-lyngby-taarbaek-sa-er-ladeporten-aben\/\" target=\"_blank\" rel=\"noopener noreferrer\"><span style=\"text-decoration: underline\">Dansk Folkepartis byr\u00e5dskanditat i Lyngby-Taarb\u00e6k: S\u00e5 er ladeporten \u00e5ben<\/span><\/a><br \/>\n&nbsp;<\/p>\n","protected":false},"excerpt":{"rendered":"<p>&nbsp; Formand i Dansk Folkeparti til debatm\u00f8de if\u00f8rt uniform, camouflaget\u00f8j og store milit\u00e6rst\u00f8vler Dansk Folkepartis lokalformand i Lyngby-Taarb\u00e6k Dennis Bo S\u00f8rensen m\u00f8dte op if\u00f8rt hjemmev\u00e6rnsuniform, camouflaget\u00f8j og store milit\u00e6rst\u00f8vler, til et debatm\u00f8de om krigen i Afghanistan p\u00e5 det lokale bibliotek. Det er i strid med Hjemmev\u00e6rnets regler, og overtr\u00e6delsen af uniformsbestemmelserne som vil blive p\u00e5talt [&hellip;]<\/p>\n","protected":false},"author":10,"featured_media":0,"comment_status":"open","ping_status":"closed","sticky":false,"template":"","format":"standard","meta":{"footnotes":""},"categories":[1],"tags":[],"class_list":["post-11318","post","type-post","status-publish","format-standard","hentry","category-df-nyt-dk"],"_links":{"self":[{"href":"https:\/\/df-nyt.dk\/blog\/wp-json\/wp\/v2\/posts\/11318","targetHints":{"allow":["GET"]}}],"collection":[{"href":"https:\/\/df-nyt.dk\/blog\/wp-json\/wp\/v2\/posts"}],"about":[{"href":"https:\/\/df-nyt.dk\/blog\/wp-json\/wp\/v2\/types\/post"}],"author":[{"embeddable":true,"href":"https:\/\/df-nyt.dk\/blog\/wp-json\/wp\/v2\/users\/10"}],"replies":[{"embeddable":true,"href":"https:\/\/df-nyt.dk\/blog\/wp-json\/wp\/v2\/comments?post=11318"}],"version-history":[{"count":3,"href":"https:\/\/df-nyt.dk\/blog\/wp-json\/wp\/v2\/posts\/11318\/revisions"}],"predecessor-version":[{"id":101823,"href":"https:\/\/df-nyt.dk\/blog\/wp-json\/wp\/v2\/posts\/11318\/revisions\/101823"}],"wp:attachment":[{"href":"https:\/\/df-nyt.dk\/blog\/wp-json\/wp\/v2\/media?parent=11318"}],"wp:term":[{"taxonomy":"category","embeddable":true,"href":"https:\/\/df-nyt.dk\/blog\/wp-json\/wp\/v2\/categories?post=11318"},{"taxonomy":"post_tag","embeddable":true,"href":"https:\/\/df-nyt.dk\/blog\/wp-json\/wp\/v2\/tags?post=11318"}],"curies":[{"name":"wp","href":"https:\/\/api.w.org\/{rel}","templated":true}]}}