{"id":11340,"date":"2010-10-27T16:49:49","date_gmt":"2010-10-27T15:49:49","guid":{"rendered":"http:\/\/df-nyt.dk\/?p=11340"},"modified":"2024-09-17T17:32:04","modified_gmt":"2024-09-17T15:32:04","slug":"vestas-lukninger-en-ulykke-for-udkantsomraderne","status":"publish","type":"post","link":"https:\/\/df-nyt.dk\/blog\/vestas-lukninger-en-ulykke-for-udkantsomraderne\/","title":{"rendered":"Vestas lukninger &#8211; en ulykke for udkantsomr\u00e5derne"},"content":{"rendered":"<p><img loading=\"lazy\" decoding=\"async\" class=\"alignleft  \" src=\"https:\/\/df-nyt.dk\/wp-content\/uploads\/271020101746.png\" alt=\"\" width=\"150\" height=\"150\" \/><\/p>\n<p>-Vestas lukningen er en ulykke for udkantsomr\u00e5derne i Danmark, siger SFs energiordf\u00f8rer Anne Grete Holmsgaard, der mener, at s\u00e6rligt Venstre m\u00e5 p\u00e5tage sig ansvaret for at der ikke i tide er blevet meldt ambiti\u00f8se m\u00e5l for udbygningen med vind p\u00e5 land og til havs i perioden frem til 2020. Skriver SF i sin pressemeddelelse<\/p>\n<p>\u2013og fors\u00e6tter<br \/>\n-Venstre har ganske enkelt ligget underdrejet og derfor lider hele den gr\u00f8nne industri i \u00f8jeblikket, siger Anne Grete Holmsgaard.<\/p>\n<p>Det har ogs\u00e5 haft konsekvenser for Danmarks stemme i EU, der er blevet uendelig svag, n\u00e5r det g\u00e6lder arbejdet for at sikre mere vindkraft i Nordeuropa, siger Anne Grete Holmsgaard.<\/p>\n<p>-Der er nu et akut behov for, at der kommer en klar udmelding om, at regeringen vil satse stort p\u00e5 vind i de kommen 10 \u00e5r, og at det bliver fulgt op med en offensiv i EU for at g\u00f8re Nords\u00f8en og \u00d8sters\u00f8en til store havem\u00f8lleomr\u00e5der, siger Anne Grete Holmsgaard.<\/p>\n<p>-Vi kan ganske enkelt ikke blive ved med at vente og vente p\u00e5 klare udmeldinger -og det kan industrien, dens underleverand\u00f8rer og de der har mistet jobbet slet ikke, slutter Anne Grete Holmsgaard, der opfordrer regeringen til at tr\u00e6kke i arbejdst\u00f8jet. Skriver SF i sin pressemeddelelse.<\/p>\n<p>For yderlig l\u00e6sning<\/p>\n<p><a href=\"https:\/\/sf.dk\/nyheder\/\" target=\"_blank\" rel=\"noopener noreferrer\"><span style=\"text-decoration: underline;\">Seneste nyt fra SF<\/span><\/a><\/p>\n","protected":false},"excerpt":{"rendered":"<p>-Vestas lukningen er en ulykke for udkantsomr\u00e5derne i Danmark, siger SFs energiordf\u00f8rer Anne Grete Holmsgaard, der mener, at s\u00e6rligt Venstre m\u00e5 p\u00e5tage sig ansvaret for at der ikke i tide er blevet meldt ambiti\u00f8se m\u00e5l for udbygningen med vind p\u00e5 land og til havs i perioden frem til 2020. Skriver SF i sin pressemeddelelse \u2013og [&hellip;]<\/p>\n","protected":false},"author":10,"featured_media":0,"comment_status":"open","ping_status":"closed","sticky":false,"template":"","format":"standard","meta":{"footnotes":""},"categories":[1],"tags":[],"class_list":["post-11340","post","type-post","status-publish","format-standard","hentry","category-df-nyt-dk"],"_links":{"self":[{"href":"https:\/\/df-nyt.dk\/blog\/wp-json\/wp\/v2\/posts\/11340","targetHints":{"allow":["GET"]}}],"collection":[{"href":"https:\/\/df-nyt.dk\/blog\/wp-json\/wp\/v2\/posts"}],"about":[{"href":"https:\/\/df-nyt.dk\/blog\/wp-json\/wp\/v2\/types\/post"}],"author":[{"embeddable":true,"href":"https:\/\/df-nyt.dk\/blog\/wp-json\/wp\/v2\/users\/10"}],"replies":[{"embeddable":true,"href":"https:\/\/df-nyt.dk\/blog\/wp-json\/wp\/v2\/comments?post=11340"}],"version-history":[{"count":1,"href":"https:\/\/df-nyt.dk\/blog\/wp-json\/wp\/v2\/posts\/11340\/revisions"}],"predecessor-version":[{"id":104564,"href":"https:\/\/df-nyt.dk\/blog\/wp-json\/wp\/v2\/posts\/11340\/revisions\/104564"}],"wp:attachment":[{"href":"https:\/\/df-nyt.dk\/blog\/wp-json\/wp\/v2\/media?parent=11340"}],"wp:term":[{"taxonomy":"category","embeddable":true,"href":"https:\/\/df-nyt.dk\/blog\/wp-json\/wp\/v2\/categories?post=11340"},{"taxonomy":"post_tag","embeddable":true,"href":"https:\/\/df-nyt.dk\/blog\/wp-json\/wp\/v2\/tags?post=11340"}],"curies":[{"name":"wp","href":"https:\/\/api.w.org\/{rel}","templated":true}]}}