{"id":11343,"date":"2010-10-27T19:31:07","date_gmt":"2010-10-27T18:31:07","guid":{"rendered":"http:\/\/df-nyt.dk\/?p=11343"},"modified":"2026-01-10T17:36:55","modified_gmt":"2026-01-10T16:36:55","slug":"dansk-folkeparti-formand-pa-facebook-med-profilbillede-fra-filmen-das-boot","status":"publish","type":"post","link":"https:\/\/df-nyt.dk\/blog\/dansk-folkeparti-formand-pa-facebook-med-profilbillede-fra-filmen-das-boot\/","title":{"rendered":"Dansk Folkeparti formand p\u00e5 Facebook med profilbillede fra filmen Das Boot"},"content":{"rendered":"<p>Dansk Folkeparti formand p\u00e5 Facebook med profilbillede fra filmen Das Boot<\/p>\n<p>Dansk Folkeparti lokalformand i Lyngby-Taarb\u00e6k, som ogs\u00e5 er Formand for hjemmev\u00e6rnskompagniet Rudersdal-Aller\u00f8d, Dennis Bo S\u00f8rensen, bruger p\u00e5 Facebook et profilbillede fra filmen Das Boot.<\/p>\n<p><img loading=\"lazy\" decoding=\"async\" class=\"alignnone  \" src=\"https:\/\/df-nyt.dk\/\/wp-content\/uploads\/010120131750.png\" alt=\"010120131750\" width=\"300\" height=\"208\" \/><\/p>\n<p>P\u00e5 billedet kan man tydelig se hagekors samt at personen b\u00e6rer et jernkors.<\/p>\n<p>Dansk Folkepartis Lokalformand \u00a0Dennis Bo S\u00f8rensen har ogs\u00e5 gjort sig bem\u00e6rket i forbindelse med et debatm\u00f8de hvor han m\u00f8dte op if\u00f8rt hjemmev\u00e6rnsuniform, camouflaget\u00f8j og store milit\u00e6rst\u00f8vler, p\u00e5 det lokale bibliotek.<\/p>\n<p><a href=\"https:\/\/df-nyt.dk\/?p=11318\" target=\"_blank\" rel=\"noopener noreferrer\"><span style=\"text-decoration: underline;\">L\u00e6s mere DER: Formand i Dansk Folkeparti til debatm\u00f8de if\u00f8rt uniform, camouflaget\u00f8j og store milit\u00e6rst\u00f8vler<\/span><\/a><\/p>\n<p>Er det s\u00e5dan Dennis Bo S\u00f8rensen gerne vil se sig selv?<\/p>\n<p><img loading=\"lazy\" decoding=\"async\" class=\"alignnone  \" src=\"https:\/\/df-nyt.dk\/\/wp-content\/uploads\/010120131759.png\" alt=\"010120131759\" width=\"200\" height=\"208\" \/><br \/>\nFor vi kan jo nu konstatere, at Dennis Bo S\u00f8rensen meget gerne vil ses s\u00e5dan.<\/p>\n<p><iframe loading=\"lazy\" src=\"https:\/\/youtube.com\/embed\/THIkF2Mcw78? \" width=\"400\" height=\"225\" frameborder=\"0\" allowfullscreen=\"allowfullscreen\"><\/iframe><\/p>\n<p>For yderlig l\u00e6sning<\/p>\n<p><a href=\"http:\/\/tosseanstalten.wordpress.com\/2013\/08\/01\/dansk-folkepartis-byradskanditat-i-lyngby-taarbaek-sa-er-ladeporten-aben\/\" target=\"_blank\" rel=\"noopener noreferrer\"><span style=\"text-decoration: underline;\">Dansk Folkepartis byr\u00e5dskandidat i Lyngby-Taarb\u00e6k S\u00e5 er ladeporten \u00e5ben<\/span><\/a><br \/>\n&nbsp;<br \/>\n<a href=\"https:\/\/df-nyt.dk\/er-det-iorden-at-bruge-en-nazi-u-bads-helt-som-profilbillede\/\" target=\"_blank\" rel=\"noopener noreferrer\"><span style=\"text-decoration: underline;\">Er det iorden at bruge en Nazi-U-B\u00e5ds-helt som profilbillede?<\/span><\/a><br \/>\n&nbsp;<br \/>\n<a href=\"https:\/\/df-nyt.dk\/formand-i-dansk-folkeparti-til-debatm\u00f8de-if\u00f8rt-uniform-camouflaget\u00f8j-og-store-milit\u00e6rst\u00f8vler\/\" target=\"_blank\" rel=\"noopener noreferrer\"><span style=\"text-decoration: underline;\">Formand i Dansk Folkeparti til debatm\u00f8de if\u00f8rt uniform, camouflaget\u00f8j og store milit\u00e6rst\u00f8vler<\/span><\/a><br \/>\n&nbsp;<br \/>\n<a href=\"https:\/\/df-nyt.dk\/?p=10160\" target=\"_blank\" rel=\"noopener noreferrer\"><span style=\"text-decoration: underline;\">Kandidat til Kommunevalget for Dansk Folkeparti Hakon Leo Nielsen<\/span><\/a><br \/>\n&nbsp;  <\/p>\n","protected":false},"excerpt":{"rendered":"<p>Dansk Folkeparti formand p\u00e5 Facebook med profilbillede fra filmen Das Boot Dansk Folkeparti lokalformand i Lyngby-Taarb\u00e6k, som ogs\u00e5 er Formand for hjemmev\u00e6rnskompagniet Rudersdal-Aller\u00f8d, Dennis Bo S\u00f8rensen, bruger p\u00e5 Facebook et profilbillede fra filmen Das Boot. P\u00e5 billedet kan man tydelig se hagekors samt at personen b\u00e6rer et jernkors. Dansk Folkepartis Lokalformand \u00a0Dennis Bo S\u00f8rensen har [&hellip;]<\/p>\n","protected":false},"author":10,"featured_media":0,"comment_status":"open","ping_status":"closed","sticky":false,"template":"","format":"standard","meta":{"footnotes":""},"categories":[1],"tags":[],"class_list":["post-11343","post","type-post","status-publish","format-standard","hentry","category-df-nyt-dk"],"_links":{"self":[{"href":"https:\/\/df-nyt.dk\/blog\/wp-json\/wp\/v2\/posts\/11343","targetHints":{"allow":["GET"]}}],"collection":[{"href":"https:\/\/df-nyt.dk\/blog\/wp-json\/wp\/v2\/posts"}],"about":[{"href":"https:\/\/df-nyt.dk\/blog\/wp-json\/wp\/v2\/types\/post"}],"author":[{"embeddable":true,"href":"https:\/\/df-nyt.dk\/blog\/wp-json\/wp\/v2\/users\/10"}],"replies":[{"embeddable":true,"href":"https:\/\/df-nyt.dk\/blog\/wp-json\/wp\/v2\/comments?post=11343"}],"version-history":[{"count":3,"href":"https:\/\/df-nyt.dk\/blog\/wp-json\/wp\/v2\/posts\/11343\/revisions"}],"predecessor-version":[{"id":111104,"href":"https:\/\/df-nyt.dk\/blog\/wp-json\/wp\/v2\/posts\/11343\/revisions\/111104"}],"wp:attachment":[{"href":"https:\/\/df-nyt.dk\/blog\/wp-json\/wp\/v2\/media?parent=11343"}],"wp:term":[{"taxonomy":"category","embeddable":true,"href":"https:\/\/df-nyt.dk\/blog\/wp-json\/wp\/v2\/categories?post=11343"},{"taxonomy":"post_tag","embeddable":true,"href":"https:\/\/df-nyt.dk\/blog\/wp-json\/wp\/v2\/tags?post=11343"}],"curies":[{"name":"wp","href":"https:\/\/api.w.org\/{rel}","templated":true}]}}