{"id":11378,"date":"2010-10-28T12:52:10","date_gmt":"2010-10-28T11:52:10","guid":{"rendered":"http:\/\/df-nyt.dk\/?p=11378"},"modified":"2025-07-15T21:30:52","modified_gmt":"2025-07-15T19:30:52","slug":"r-born-og-unge-har-ret-til-at-kunne-udnytte-deres-fulde-musik-potentiale","status":"publish","type":"post","link":"https:\/\/df-nyt.dk\/blog\/r-born-og-unge-har-ret-til-at-kunne-udnytte-deres-fulde-musik-potentiale\/","title":{"rendered":"R: B\u00f8rn og unge har ret til at kunne udnytte deres fulde musik-potentiale"},"content":{"rendered":"<p>En netop offentliggjort rapport viser, at et alarmerende h\u00f8jt antal skoler ikke udbyder tilstr\u00e6kkelig musikundervisning. Skriver Det Radikale Venstres i sin pressemeddelelse<br \/>\n\u2013 og fors\u00e6tter<br \/>\nDet skyldes prim\u00e6rt, at der ikke er mulighed for at v\u00e6lge musik som linjefag p\u00e5 l\u00e6reruddannelsen, mener Radikale Venstres Marianne Jelved og Bente Dahl.<\/p>\n<p>&#8220;Det er simpelthen for ringe. I en del \u00e5r nu har det v\u00e6ret tydeligt, at spiralen gik nedad for musikundervisningen.<\/p>\n<p>Faktorer som blandt andet den manglende mulighed for at v\u00e6lge musik som linjefag p\u00e5 l\u00e6reruddannelsen f\u00f8rer til, at f\u00e6rre b\u00f8rn kan modtage kvalificeret musikundervisning.<\/p>\n<p>B\u00f8rn og unge har dermed en ringe tilg\u00e6ngelighed til at v\u00e6re aktive med musik.<\/p>\n<p>Den spiral m\u00e5 og skal vi have vendt,&#8221; siger Radikale Venstres uddannelsesordf\u00f8rer Marianne Jelved.<\/p>\n<p>&#8220;B\u00f8rn og unge har ret til at kunne udnytte deres fulde potentiale.<\/p>\n<p>Det g\u00f8res alene, n\u00e5r de ogs\u00e5 kan f\u00e5 adgang til at ud\u00f8ve kunstrelaterede fag, s\u00e5 som musik.<\/p>\n<p>Musikud\u00f8velse er prim\u00e6rt morsomt og sp\u00e6ndende at besk\u00e6ftige sig med, og derudover optr\u00e6ner den form for aktivitet en udvikling af kompetencer, som er efterspurgte i dagens samfund, s\u00e5 som sociale og kulturelle kompetencer,&#8221; siger Radikale Venstres musikordf\u00f8rer, Bente Dahl, som i dag deltager i paneldebat om temaet p\u00e5 Borups H\u00f8jskole.<\/p>\n<p>Radikale Venstre har tidligere st\u00e5et for at indf\u00f8re huskunstnerordningen, der giver b\u00f8rn mulighed for at m\u00f8de kunstnere i deres opv\u00e6kst.<\/p>\n<p>De to ordf\u00f8rere kr\u00e6ver den ordning udbygget, samt at der s\u00e6ttes ind p\u00e5 andre omr\u00e5der, s\u00e5 musikundervisningens f\u00f8dek\u00e6de ikke har svage led mere.<\/p>\n<p><strong>&#8220;Kun p\u00e5 den m\u00e5de f\u00e5r alle b\u00f8rn og unge adgang til musikundervisning og dermed mulighed for at udnytte og udvikle deres fulde potentialer&#8221;, siger Marianne Jelved og Bente Dahl.<\/strong> If\u00f8lge pressemeddelelsen fra Det Radikale Venstre.<\/p>\n<p>\/\/www.radikale.dk\/<\/p>\n","protected":false},"excerpt":{"rendered":"<p>En netop offentliggjort rapport viser, at et alarmerende h\u00f8jt antal skoler ikke udbyder tilstr\u00e6kkelig musikundervisning. Skriver Det Radikale Venstres i sin pressemeddelelse \u2013 og fors\u00e6tter Det skyldes prim\u00e6rt, at der ikke er mulighed for at v\u00e6lge musik som linjefag p\u00e5 l\u00e6reruddannelsen, mener Radikale Venstres Marianne Jelved og Bente Dahl. &#8220;Det er simpelthen for ringe. I [&hellip;]<\/p>\n","protected":false},"author":10,"featured_media":0,"comment_status":"open","ping_status":"closed","sticky":false,"template":"","format":"standard","meta":{"footnotes":""},"categories":[1],"tags":[],"class_list":["post-11378","post","type-post","status-publish","format-standard","hentry","category-df-nyt-dk"],"_links":{"self":[{"href":"https:\/\/df-nyt.dk\/blog\/wp-json\/wp\/v2\/posts\/11378","targetHints":{"allow":["GET"]}}],"collection":[{"href":"https:\/\/df-nyt.dk\/blog\/wp-json\/wp\/v2\/posts"}],"about":[{"href":"https:\/\/df-nyt.dk\/blog\/wp-json\/wp\/v2\/types\/post"}],"author":[{"embeddable":true,"href":"https:\/\/df-nyt.dk\/blog\/wp-json\/wp\/v2\/users\/10"}],"replies":[{"embeddable":true,"href":"https:\/\/df-nyt.dk\/blog\/wp-json\/wp\/v2\/comments?post=11378"}],"version-history":[{"count":3,"href":"https:\/\/df-nyt.dk\/blog\/wp-json\/wp\/v2\/posts\/11378\/revisions"}],"predecessor-version":[{"id":109085,"href":"https:\/\/df-nyt.dk\/blog\/wp-json\/wp\/v2\/posts\/11378\/revisions\/109085"}],"wp:attachment":[{"href":"https:\/\/df-nyt.dk\/blog\/wp-json\/wp\/v2\/media?parent=11378"}],"wp:term":[{"taxonomy":"category","embeddable":true,"href":"https:\/\/df-nyt.dk\/blog\/wp-json\/wp\/v2\/categories?post=11378"},{"taxonomy":"post_tag","embeddable":true,"href":"https:\/\/df-nyt.dk\/blog\/wp-json\/wp\/v2\/tags?post=11378"}],"curies":[{"name":"wp","href":"https:\/\/api.w.org\/{rel}","templated":true}]}}