{"id":11380,"date":"2010-10-28T13:02:53","date_gmt":"2010-10-28T12:02:53","guid":{"rendered":"http:\/\/df-nyt.dk\/?p=11380"},"modified":"2025-08-05T20:37:04","modified_gmt":"2025-08-05T18:37:04","slug":"hetz-mod-ansatte-paa-naesteved-sygehus","status":"publish","type":"post","link":"https:\/\/df-nyt.dk\/blog\/hetz-mod-ansatte-paa-naesteved-sygehus\/","title":{"rendered":"Hetz mod ansatte p\u00e5 N\u00e6steved Sygehus"},"content":{"rendered":"<p><img loading=\"lazy\" decoding=\"async\" class=\"alignleft size-full \" src=\"https:\/\/df-nyt.dk\/\/wp-content\/uploads\/2810201013541.png\" alt=\"281020101354\" width=\"224\" height=\"203\" \/><br \/>\n&nbsp;<br \/>\nHetz mod ansatte p\u00e5 N\u00e6steved Sygehus<br \/>\nFlere h\u00f8jrebloggere er g\u00e5et ind i jagten p\u00e5 fotos og andre oplysninger, herunder p\u00e5 Kim M\u00f8llers blog Uriasposten.<\/p>\n<p><a href=\"http:\/\/p77.dk\/\">Netavisen, P77.dk \/\/p77.dk<\/a> skrev i g\u00e5r i <a href=\"http:\/\/p77.dk\/radikalisering\/69-radikalisering-danmark\/332-muslimhader-haenger-syghusansatte-ud-pa-nettet\" target=\"_blank\" rel=\"noopener noreferrer\"><span style=\"text-decoration: underline\">artiklen<\/span><\/a> Muslimhader h\u00e6nger Sygehusansatte ud at en dansk muslimfjendsk forening, som kalder sig for Modstandsbev\u00e6gelsen Stop Islamiseringen af Danmark i et l\u00e6serbrev lagt frem p\u00e5 deres hjemmeside har h\u00e6ngt flere ansatte fra N\u00e6stved sygehus ud med navn og stillingsbetegnelse.<\/p>\n<p>Formanden for Modstandsbev\u00e6gelsen Stop Islamiseringen af Danmark Anders Gravers oplyste endvidere f\u00f8lgende via sin Facebook Profil i g\u00e5r.<\/p>\n<p>-Arbejder p\u00e5 at finde billeder af de danske kollloborat\u00f8re der svinede kvinden, de skal ikke tro at man g\u00f8re s\u00e5dan noget mod en dansker uden at det f\u00e5r konsekvenser.<\/p>\n<p>L\u00e6serbrevskribenten som er en islamfjendsk dansk kvinde beskylder i sit l\u00e6serbrev, flere navngivende ansatte fra gyn\u00e6gologisk afdeling p\u00e5 N\u00e6stved Sygehus for psykisk terror og chikane i forbindelse med en indl\u00e6ggelse hvor hendes krav om at blive behandlet af en ikke-muslimsk l\u00e6ge og sygeplejerske var blevet afvist.<\/p>\n<p>Ledende Overl\u00e6ge J\u00f8rn Kvist Thomsen fra Gyn\u00e6gologisk afdeling p\u00e5 N\u00e6stved Sygehus udtalte blandt andet f\u00f8lgende om sagen til <a href=\"http:\/\/p77.dk\/radikalisering\/69-radikalisering-danmark\/333-hojrebloggere-ind-i-jagten-pa-sygehusansatte\" target=\"_blank\" rel=\"noopener noreferrer\"><span style=\"text-decoration: underline\">Netavisen P77.dk \/<\/span><\/a> ig\u00e5r.<\/p>\n<p>\u00d8nsker de ikke at lade sig behandle af vores personale s\u00e5 m\u00e5 de henvende sig et andet sted.<\/p>\n<p>Her p\u00e5 sygehuset er alle vores ansatte uanset deres religi\u00f8se eller etniske baggrund veluddannet og i stand til at yde den rette hj\u00e6lp til alle de patienter vi modtagere og behandler.<\/p>\n<p>Man kan som patient ikke n\u00e6gte hverken at lade sig behandle af en mand eller af en kvinde, eller af en med eller uden t\u00f8rkl\u00e6de.<\/p>\n<p>Vi g\u00f8re ikke forskel p\u00e5 vores patienter og patienterne skal ikke g\u00f8re forskel p\u00e5 vores personale.<\/p>\n<p>I dag fortsatte de chikanen og jagten p\u00e5 fotos og personlige oplysninger om de ansatte.<\/p>\n<p>Reference<br \/>\n<a href=\"http:\/\/p77.dk\/\" rel=\"noopener noreferrer\" target=\"_blank\"><span style=\"text-decoration: underline\">Netavisen, P77.dk \/\/p77.dk\/<\/span><\/a><br \/>\n&nbsp;<br \/>\n<a href=\"http:\/\/p77.dk\/radikalisering\/69-radikalisering-danmark\/332-muslimhader-haenger-syghusansatte-ud-pa-nettet\" rel=\"noopener noreferrer\" target=\"_blank\"><span style=\"text-decoration: underline\">Netavisen, P77.dk \/\/p77.dk\/radikalisering\/radikalisering-danmark\/muslimhader-haenger-syghusansatte-ud-pa-nettet<\/span><\/a><br \/>\n&nbsp;<br \/>\n<a href=\"http:\/\/p77.dk\/radikalisering\/69-radikalisering-danmark\/333-hojrebloggere-ind-i-jagten-pa-sygehusansatte\" rel=\"noopener noreferrer\" target=\"_blank\"><span style=\"text-decoration: underline\">Netavisen, P77.dk \/\/p77.dk\/radikalisering\/radikalisering-danmark\/hojrebloggere-ind-i-jagten-pa-sygehusansatte<\/span><\/a><br \/>\n&nbsp;<\/p>\n","protected":false},"excerpt":{"rendered":"<p>&nbsp; Hetz mod ansatte p\u00e5 N\u00e6steved Sygehus Flere h\u00f8jrebloggere er g\u00e5et ind i jagten p\u00e5 fotos og andre oplysninger, herunder p\u00e5 Kim M\u00f8llers blog Uriasposten. Netavisen, P77.dk \/\/p77.dk skrev i g\u00e5r i artiklen Muslimhader h\u00e6nger Sygehusansatte ud at en dansk muslimfjendsk forening, som kalder sig for Modstandsbev\u00e6gelsen Stop Islamiseringen af Danmark i et l\u00e6serbrev lagt [&hellip;]<\/p>\n","protected":false},"author":10,"featured_media":0,"comment_status":"open","ping_status":"closed","sticky":false,"template":"","format":"standard","meta":{"footnotes":""},"categories":[1],"tags":[],"class_list":["post-11380","post","type-post","status-publish","format-standard","hentry","category-df-nyt-dk"],"_links":{"self":[{"href":"https:\/\/df-nyt.dk\/blog\/wp-json\/wp\/v2\/posts\/11380","targetHints":{"allow":["GET"]}}],"collection":[{"href":"https:\/\/df-nyt.dk\/blog\/wp-json\/wp\/v2\/posts"}],"about":[{"href":"https:\/\/df-nyt.dk\/blog\/wp-json\/wp\/v2\/types\/post"}],"author":[{"embeddable":true,"href":"https:\/\/df-nyt.dk\/blog\/wp-json\/wp\/v2\/users\/10"}],"replies":[{"embeddable":true,"href":"https:\/\/df-nyt.dk\/blog\/wp-json\/wp\/v2\/comments?post=11380"}],"version-history":[{"count":4,"href":"https:\/\/df-nyt.dk\/blog\/wp-json\/wp\/v2\/posts\/11380\/revisions"}],"predecessor-version":[{"id":109713,"href":"https:\/\/df-nyt.dk\/blog\/wp-json\/wp\/v2\/posts\/11380\/revisions\/109713"}],"wp:attachment":[{"href":"https:\/\/df-nyt.dk\/blog\/wp-json\/wp\/v2\/media?parent=11380"}],"wp:term":[{"taxonomy":"category","embeddable":true,"href":"https:\/\/df-nyt.dk\/blog\/wp-json\/wp\/v2\/categories?post=11380"},{"taxonomy":"post_tag","embeddable":true,"href":"https:\/\/df-nyt.dk\/blog\/wp-json\/wp\/v2\/tags?post=11380"}],"curies":[{"name":"wp","href":"https:\/\/api.w.org\/{rel}","templated":true}]}}