{"id":11392,"date":"2010-10-28T15:03:32","date_gmt":"2010-10-28T14:03:32","guid":{"rendered":"http:\/\/df-nyt.dk\/?p=11392"},"modified":"2024-11-17T17:14:04","modified_gmt":"2024-11-17T16:14:04","slug":"sfi-jo-mere-aktivering-des-ringere-chance-for-arbejde","status":"publish","type":"post","link":"https:\/\/df-nyt.dk\/blog\/sfi-jo-mere-aktivering-des-ringere-chance-for-arbejde\/","title":{"rendered":"SFI: Jo mere aktivering, des ringere chance for arbejde"},"content":{"rendered":"<p><img loading=\"lazy\" decoding=\"async\" class=\"alignleft size-full \" src=\"https:\/\/df-nyt.dk\/\/wp-content\/uploads\/291120131733.png\" alt=\"291120131733\" width=\"216\" height=\"189\" \/>SFI: Jo mere aktivering, des ringere chance for arbejde<br \/>\nAllerede i 2006 konkluderede SFI-rapporten, Fra aktivering til besk\u00e6ftigelse, at jo flere tilbud om aktivering ledige deltager i, des ringere er chancen for at komme i besk\u00e6ftigelse.<br \/>\nSkriver Dansk Socialr\u00e5dgiver forening p\u00e5 deres netmedie<br \/>\n-Og forts\u00e6tter<br \/>\nSandsynligheden for at aktiverede dagpengemodtagere f\u00e5r et arbejde er st\u00f8rst umiddelbart efter endt aktivering, og efter to m\u00e5neder er sandsynligheden n\u00e6sten lig nul.<\/p>\n<p>Men dav\u00e6rende besk\u00e6ftigelsesminister Claus Hjort Frederiksen p\u00e5stod, at konklusionerne var misvisende, fordi de efter hans vurdering ikke gav et d\u00e6kkende billede af aktiveringens effekter.<\/p>\n<p>Dermed fortsatte han ufortr\u00f8dent sin aktiveringspolitik, og s\u00e5 sig under sit stort profilerede afbureaukratiseringsprojekt varm p\u00e5 ideen om, at overf\u00f8re tankegangen ogs\u00e5 til de sygemeldte.<\/p>\n<p>Og allerede f\u00f8r den ide blev vedtaget i Folketinget, fremlagde bl.a. Dansk Socialr\u00e5dgiverforening dokumentation for, at et pres for aktivering i v\u00e6rste fald kan v\u00e6re sygdomsforl\u00e6ngende for alvorligt syge.<\/p>\n<p>Vi opfordrede dengang ministeren til, at aktivering af syge kun skulle bruges efter en konkret vurdering af, om det er gavnligt, og at h\u00f8j refusion skulle f\u00f8lge den aktive vurdering, ikke det aktive tilbud.<\/p>\n<p>St\u00f8jberg svarede klart nej til den opfordring.<br \/>\nBegrundelsen var, at kommunerne skulle have et \u00f8konomisk incitament til at sikre, at de sygemeldte f\u00e5r den forn\u00f8dne hj\u00e6lp, som de har brug for, til at fastholde tilknytningen til arbejdsmarkedet, s\u00e5 de ikke bare overlades til sig selv, citat, St\u00f8jberg som svar p\u00e5 spm. 10 vedr. L165, april 2009.<\/p>\n<p>Reference<br \/>\n\/\/socialraadgiverne.dk\/Dansk Socialr\u00e5dgiverforening<br \/>\nBettina Post i et l\u00e6serbrev bragt i Politiken den 23. oktober 2010.<\/p>\n<p>For yderlig l\u00e6sning<\/p>\n<p><a href=\"https:\/\/df-nyt.dk\/?p=10793\/\" target=\"_blank\" rel=\"noopener noreferrer\"><span style=\"text-decoration: underline\">P\u00e5 jobs\u00f8gningskursus med livet som indsats<\/span><\/a><br \/>\n&nbsp;<\/p>\n","protected":false},"excerpt":{"rendered":"<p>SFI: Jo mere aktivering, des ringere chance for arbejde Allerede i 2006 konkluderede SFI-rapporten, Fra aktivering til besk\u00e6ftigelse, at jo flere tilbud om aktivering ledige deltager i, des ringere er chancen for at komme i besk\u00e6ftigelse. Skriver Dansk Socialr\u00e5dgiver forening p\u00e5 deres netmedie -Og forts\u00e6tter Sandsynligheden for at aktiverede dagpengemodtagere f\u00e5r et arbejde er st\u00f8rst [&hellip;]<\/p>\n","protected":false},"author":10,"featured_media":0,"comment_status":"open","ping_status":"closed","sticky":false,"template":"","format":"standard","meta":{"footnotes":""},"categories":[1],"tags":[],"class_list":["post-11392","post","type-post","status-publish","format-standard","hentry","category-df-nyt-dk"],"_links":{"self":[{"href":"https:\/\/df-nyt.dk\/blog\/wp-json\/wp\/v2\/posts\/11392","targetHints":{"allow":["GET"]}}],"collection":[{"href":"https:\/\/df-nyt.dk\/blog\/wp-json\/wp\/v2\/posts"}],"about":[{"href":"https:\/\/df-nyt.dk\/blog\/wp-json\/wp\/v2\/types\/post"}],"author":[{"embeddable":true,"href":"https:\/\/df-nyt.dk\/blog\/wp-json\/wp\/v2\/users\/10"}],"replies":[{"embeddable":true,"href":"https:\/\/df-nyt.dk\/blog\/wp-json\/wp\/v2\/comments?post=11392"}],"version-history":[{"count":1,"href":"https:\/\/df-nyt.dk\/blog\/wp-json\/wp\/v2\/posts\/11392\/revisions"}],"predecessor-version":[{"id":106803,"href":"https:\/\/df-nyt.dk\/blog\/wp-json\/wp\/v2\/posts\/11392\/revisions\/106803"}],"wp:attachment":[{"href":"https:\/\/df-nyt.dk\/blog\/wp-json\/wp\/v2\/media?parent=11392"}],"wp:term":[{"taxonomy":"category","embeddable":true,"href":"https:\/\/df-nyt.dk\/blog\/wp-json\/wp\/v2\/categories?post=11392"},{"taxonomy":"post_tag","embeddable":true,"href":"https:\/\/df-nyt.dk\/blog\/wp-json\/wp\/v2\/tags?post=11392"}],"curies":[{"name":"wp","href":"https:\/\/api.w.org\/{rel}","templated":true}]}}